{"id":939,"date":"2023-07-07T06:45:50","date_gmt":"2023-07-07T06:45:50","guid":{"rendered":"https:\/\/eelab.fr\/?p=939"},"modified":"2023-08-24T15:06:21","modified_gmt":"2023-08-24T15:06:21","slug":"procrea-le-congres-des-acteurs-de-laccompagnement-entrepreneurial","status":"publish","type":"post","link":"https:\/\/eelab.fr\/?p=939","title":{"rendered":"Pro&rsquo;cr\u00e9a Le congr\u00e8s des acteurs de l&rsquo;accompagnement entrepreneurial\u00a0&#8211; 7.09.23"},"content":{"rendered":"\n[et_pb_section fb_built=\u00a0\u00bb1&Prime; admin_label=\u00a0\u00bbAbout\u00a0\u00bb _builder_version=\u00a0\u00bb4.14.8&Prime; _module_preset=\u00a0\u00bbdefault\u00a0\u00bb background_color=\u00a0\u00bb#181739&Prime; background_image=\u00a0\u00bbhttps:\/\/eelab.fr\/wp-content\/uploads\/2022\/05\/background_blur1-scaled.jpg\u00a0\u00bb custom_padding=\u00a0\u00bb||81px||false|false\u00a0\u00bb bottom_divider_style=\u00a0\u00bbasymmetric2&Prime; bottom_divider_color=\u00a0\u00bb#FFFFFF\u00a0\u00bb bottom_divider_flip=\u00a0\u00bbhorizontal\u00a0\u00bb locked=\u00a0\u00bboff\u00a0\u00bb global_colors_info=\u00a0\u00bb{}\u00a0\u00bb][et_pb_row _builder_version=\u00a0\u00bb4.14.8&Prime; _module_preset=\u00a0\u00bbdefault\u00a0\u00bb custom_padding=\u00a0\u00bb100px|||||\u00a0\u00bb global_colors_info=\u00a0\u00bb{}\u00a0\u00bb][et_pb_column type=\u00a0\u00bb4_4&Prime; _builder_version=\u00a0\u00bb4.14.8&Prime; _module_preset=\u00a0\u00bbdefault\u00a0\u00bb global_colors_info=\u00a0\u00bb{}\u00a0\u00bb][et_pb_post_title meta=\u00a0\u00bboff\u00a0\u00bb featured_image=\u00a0\u00bboff\u00a0\u00bb _builder_version=\u00a0\u00bb4.14.8&Prime; _module_preset=\u00a0\u00bbdefault\u00a0\u00bb title_font=\u00a0\u00bb|700|||||||\u00a0\u00bb title_text_color=\u00a0\u00bb#FFFFFF\u00a0\u00bb title_font_size=\u00a0\u00bb49px\u00a0\u00bb meta_text_color=\u00a0\u00bb#FFFFFF\u00a0\u00bb global_colors_info=\u00a0\u00bb{}\u00a0\u00bb][\/et_pb_post_title][\/et_pb_column][\/et_pb_row][\/et_pb_section][et_pb_section fb_built=\u00a0\u00bb1&Prime; admin_label=\u00a0\u00bbHistory\u00a0\u00bb _builder_version=\u00a0\u00bb4.14.8&Prime; _module_preset=\u00a0\u00bbdefault\u00a0\u00bb background_image=\u00a0\u00bbhttps:\/\/eelab.fr\/wp-content\/uploads\/2022\/05\/star_bg2.png\u00a0\u00bb background_position=\u00a0\u00bbtop_left\u00a0\u00bb custom_margin=\u00a0\u00bb||-50px||false|false\u00a0\u00bb custom_padding=\u00a0\u00bb||150px||false|false\u00a0\u00bb global_colors_info=\u00a0\u00bb{}\u00a0\u00bb][et_pb_row _builder_version=\u00a0\u00bb4.10.6&Prime; _module_preset=\u00a0\u00bbdefault\u00a0\u00bb global_colors_info=\u00a0\u00bb{}\u00a0\u00bb][et_pb_column type=\u00a0\u00bb4_4&Prime; _builder_version=\u00a0\u00bb4.10.6&Prime; _module_preset=\u00a0\u00bbdefault\u00a0\u00bb global_colors_info=\u00a0\u00bb{}\u00a0\u00bb][et_pb_text _builder_version=\u00a0\u00bb4.14.8&Prime; _module_preset=\u00a0\u00bb7262e956-c376-4aa6-9642-c413f71527d0&Prime; text_text_color=\u00a0\u00bb#181739&Prime; text_line_height=\u00a0\u00bb1.8em\u00a0\u00bb text_orientation=\u00a0\u00bbjustified\u00a0\u00bb hover_enabled=\u00a0\u00bb0&Prime; header_font_size_tablet=\u00a0\u00bb55px\u00a0\u00bb header_font_size_last_edited=\u00a0\u00bboff|desktop\u00a0\u00bb locked=\u00a0\u00bboff\u00a0\u00bb global_colors_info=\u00a0\u00bb{}\u00a0\u00bb sticky_enabled=\u00a0\u00bb0&Prime;]<p><strong>Description \u00a0<\/strong>Pro\u2019cr\u00e9a 2023 est un congr\u00e8s sur l\u2019entrepreneuriat qui se d\u00e9roule du 6 au 8 septembre. Il vise \u00e0 explorer la dynamique entre l\u2019accompagnant et l\u2019accompagn\u00e9, en se penchant sur le bonheur entrepreneurial. Les journ\u00e9es combinent conf\u00e9rences, tables rondes et master classes abordant divers aspects tels que les \u00e9motions, la responsabilit\u00e9 territoriale et l&rsquo;innovation. La cl\u00f4ture propose une synth\u00e8se des travaux et des perspectives pour l&rsquo;avenir de l&rsquo;accompagnement entrepreneurial.<\/p>\n<p><strong>Date \u00a0<\/strong>Jeudi 7 Septembre 2023<\/p>\n<p><strong>Lieu \u00a0<\/strong>S\u00e8te<\/p>\n<p><b>Animateur<\/b><\/p>[\/et_pb_text][et_pb_accordion open_toggle_background_color=\u00a0\u00bbRGBA(255,255,255,0)\u00a0\u00bb _builder_version=\u00a0\u00bb4.14.8&Prime; _module_preset=\u00a0\u00bbdefault\u00a0\u00bb toggle_font=\u00a0\u00bb|600|||||||\u00a0\u00bb global_colors_info=\u00a0\u00bb{}\u00a0\u00bb][et_pb_accordion_item title=\u00a0\u00bbMichel DUPOIZAT \u2013 Consultant\u00a0\u00bb open=\u00a0\u00bbon\u00a0\u00bb _builder_version=\u00a0\u00bb4.14.8&Prime; _module_preset=\u00a0\u00bbdefault\u00a0\u00bb border_color_all=\u00a0\u00bb#8457B3&Prime; global_colors_info=\u00a0\u00bb{}\u00a0\u00bb][\/et_pb_accordion_item][\/et_pb_accordion][et_pb_text disabled_on=\u00a0\u00bbon|on|on\u00a0\u00bb _builder_version=\u00a0\u00bb4.14.8&Prime; _module_preset=\u00a0\u00bb7262e956-c376-4aa6-9642-c413f71527d0&Prime; text_text_color=\u00a0\u00bb#181739&Prime; text_line_height=\u00a0\u00bb1.8em\u00a0\u00bb text_orientation=\u00a0\u00bbjustified\u00a0\u00bb header_font_size_tablet=\u00a0\u00bb55px\u00a0\u00bb header_font_size_last_edited=\u00a0\u00bboff|desktop\u00a0\u00bb disabled=\u00a0\u00bbon\u00a0\u00bb locked=\u00a0\u00bboff\u00a0\u00bb global_colors_info=\u00a0\u00bb{}\u00a0\u00bb]<p><b>Intervenants<\/b><\/p>[\/et_pb_text][et_pb_accordion open_toggle_background_color=\u00a0\u00bbRGBA(255,255,255,0)\u00a0\u00bb disabled_on=\u00a0\u00bboff|off|off\u00a0\u00bb _builder_version=\u00a0\u00bb4.14.8&Prime; _module_preset=\u00a0\u00bbdefault\u00a0\u00bb toggle_font=\u00a0\u00bb|600|||||||\u00a0\u00bb global_colors_info=\u00a0\u00bb{}\u00a0\u00bb][et_pb_accordion_item title=\u00a0\u00bbH\u00e9l\u00e8ne FORMERY \u2013 Bpifrance\u00a0\u00bb _builder_version=\u00a0\u00bb4.14.8&Prime; _module_preset=\u00a0\u00bbdefault\u00a0\u00bb border_color_all=\u00a0\u00bb#8457B3&Prime; global_colors_info=\u00a0\u00bb{}\u00a0\u00bb open=\u00a0\u00bbon\u00a0\u00bb][\/et_pb_accordion_item][et_pb_accordion_item title=\u00a0\u00bbFabrice HERAUD \u2013 AD\u2019OCC\u00a0\u00bb _builder_version=\u00a0\u00bb4.14.8&Prime; _module_preset=\u00a0\u00bbdefault\u00a0\u00bb border_color_all=\u00a0\u00bb#8457B3&Prime; global_colors_info=\u00a0\u00bb{}\u00a0\u00bb open=\u00a0\u00bboff\u00a0\u00bb][\/et_pb_accordion_item][et_pb_accordion_item title=\u00a0\u00bbKarim MESSEGHEM  &#8211; Labex Entreprendre, Entrepreneurial Ecosystem Lab\u00a0\u00bb _builder_version=\u00a0\u00bb4.14.8&Prime; _module_preset=\u00a0\u00bbdefault\u00a0\u00bb border_color_all=\u00a0\u00bb#8457B3&Prime; global_colors_info=\u00a0\u00bb{}\u00a0\u00bb open=\u00a0\u00bboff\u00a0\u00bb]<p>Karim MESSEGHEM est professeur agr\u00e9g\u00e9 des Universit\u00e9s en entrepreneuriat et strat\u00e9gie \u00e0 l\u2019Universit\u00e9 de Montpellier. Fondateur de Montpellier Management et du LabEx Entreprendre, il codirige la chaire Jacques Coeur pour l\u2019accompagnement entrepreneurial. Il dirige plusieurs formations en Entrepreneuriat et programmes Executive pour des dirigeants de PME. Ses recherches men\u00e9es au sein de MRM et du LabEx Entreprendre portent sur les \u00e9cosyst\u00e8mes entrepreneuriaux et les strat\u00e9gies entrepreneuriales des PME. Il a publi\u00e9 plusieurs ouvrages et une cinquantaine d\u2019articles dans des revues nationales et internationales. Il est responsable scientifique pour la France du Global Entrepreneurship Monitor (GEM).<\/p>[\/et_pb_accordion_item][et_pb_accordion_item title=\u00a0\u00bbMa\u00ebva TORDO &#8211; La Boussole\u00a0\u00bb open=\u00a0\u00bboff\u00a0\u00bb _builder_version=\u00a0\u00bb4.14.8&Prime; _module_preset=\u00a0\u00bbdefault\u00a0\u00bb border_color_all=\u00a0\u00bb#8457B3&Prime; global_colors_info=\u00a0\u00bb{}\u00a0\u00bb][\/et_pb_accordion_item][\/et_pb_accordion][et_pb_button button_url=\u00a0\u00bbhttp:\/\/procrea-lecongres.blogspot.com\/p\/programme-2023.html\u00a0\u00bb button_text=\u00a0\u00bbEn savoir plus\u00a0\u00bb button_alignment=\u00a0\u00bbcenter\u00a0\u00bb _builder_version=\u00a0\u00bb4.14.8&Prime; _module_preset=\u00a0\u00bbec1c8900-b8c6-4613-b437-dca1263aa061&Prime; custom_button=\u00a0\u00bbon\u00a0\u00bb button_text_size=\u00a0\u00bb16px\u00a0\u00bb button_text_color=\u00a0\u00bb#FFFFFF\u00a0\u00bb button_bg_color=\u00a0\u00bb#8300E9&Prime; button_border_width=\u00a0\u00bb0px\u00a0\u00bb button_border_radius=\u00a0\u00bb0px\u00a0\u00bb button_font=\u00a0\u00bbRoboto|700|||||||\u00a0\u00bb custom_padding=\u00a0\u00bb15px|30px|15px|30px|true|true\u00a0\u00bb hover_enabled=\u00a0\u00bb0&Prime; box_shadow_style=\u00a0\u00bbpreset3&Prime; box_shadow_vertical=\u00a0\u00bb60px\u00a0\u00bb box_shadow_blur=\u00a0\u00bb60px\u00a0\u00bb box_shadow_spread=\u00a0\u00bb0px\u00a0\u00bb box_shadow_color=\u00a0\u00bbrgba(14,15,43,0.1)\u00a0\u00bb locked=\u00a0\u00bboff\u00a0\u00bb global_colors_info=\u00a0\u00bb{}\u00a0\u00bb sticky_enabled=\u00a0\u00bb0&Prime;][\/et_pb_button][et_pb_image src=\u00a0\u00bbhttps:\/\/eelab.fr\/wp-content\/uploads\/2022\/05\/webinaire_light-1-1.pdf\u00a0\u00bb title_text=\u00a0\u00bbwebinaire_light\u00a0\u00bb align=\u00a0\u00bbcenter\u00a0\u00bb disabled_on=\u00a0\u00bbon|on|on\u00a0\u00bb _builder_version=\u00a0\u00bb4.14.8&Prime; _module_preset=\u00a0\u00bbdefault\u00a0\u00bb disabled=\u00a0\u00bbon\u00a0\u00bb global_colors_info=\u00a0\u00bb{}\u00a0\u00bb][\/et_pb_image][\/et_pb_column][\/et_pb_row][\/et_pb_section]\n","protected":false},"excerpt":{"rendered":"<p>Description \u00a0Pro\u2019cr\u00e9a 2023 est un congr\u00e8s sur l\u2019entrepreneuriat qui se d\u00e9roule du 6 au 8 septembre. Il vise \u00e0 explorer la dynamique entre l\u2019accompagnant et l\u2019accompagn\u00e9, en se penchant sur le bonheur entrepreneurial. Les journ\u00e9es combinent conf\u00e9rences, tables rondes et master classes abordant divers aspects tels que les \u00e9motions, la responsabilit\u00e9 territoriale et l&rsquo;innovation. La [&hellip;]<\/p>\n","protected":false},"author":1,"featured_media":0,"comment_status":"closed","ping_status":"closed","sticky":false,"template":"","format":"standard","meta":{"_et_pb_use_builder":"on","_et_pb_old_content":"","_et_gb_content_width":"2880","footnotes":""},"categories":[5],"tags":[],"class_list":["post-939","post","type-post","status-publish","format-standard","hentry","category-evenement"],"yoast_head":"<!-- This site is optimized with the Yoast SEO plugin v23.4 - https:\/\/yoast.com\/wordpress\/plugins\/seo\/ -->\n<title>Pro&#039;cr\u00e9a Le congr\u00e8s des acteurs de l&#039;accompagnement entrepreneurial\u00a0- 7.09.23 - Entrepreneurial Ecosystem Lab<\/title>\n<meta name=\"robots\" content=\"index, follow, max-snippet:-1, max-image-preview:large, max-video-preview:-1\" \/>\n<link rel=\"canonical\" href=\"https:\/\/eelab.fr\/?p=939\" \/>\n<meta property=\"og:locale\" content=\"fr_FR\" \/>\n<meta property=\"og:type\" content=\"article\" \/>\n<meta property=\"og:title\" content=\"Pro&#039;cr\u00e9a Le congr\u00e8s des acteurs de l&#039;accompagnement entrepreneurial\u00a0- 7.09.23 - Entrepreneurial Ecosystem Lab\" \/>\n<meta property=\"og:description\" content=\"Description \u00a0Pro\u2019cr\u00e9a 2023 est un congr\u00e8s sur l\u2019entrepreneuriat qui se d\u00e9roule du 6 au 8 septembre. Il vise \u00e0 explorer la dynamique entre l\u2019accompagnant et l\u2019accompagn\u00e9, en se penchant sur le bonheur entrepreneurial. Les journ\u00e9es combinent conf\u00e9rences, tables rondes et master classes abordant divers aspects tels que les \u00e9motions, la responsabilit\u00e9 territoriale et l&#039;innovation. La [&hellip;]\" \/>\n<meta property=\"og:url\" content=\"https:\/\/eelab.fr\/?p=939\" \/>\n<meta property=\"og:site_name\" content=\"Entrepreneurial Ecosystem Lab\" \/>\n<meta property=\"article:published_time\" content=\"2023-07-07T06:45:50+00:00\" \/>\n<meta property=\"article:modified_time\" content=\"2023-08-24T15:06:21+00:00\" \/>\n<meta name=\"author\" content=\"admin2022\" \/>\n<meta name=\"twitter:card\" content=\"summary_large_image\" \/>\n<meta name=\"twitter:label1\" content=\"\u00c9crit par\" \/>\n\t<meta name=\"twitter:data1\" content=\"admin2022\" \/>\n\t<meta name=\"twitter:label2\" content=\"Dur\u00e9e de lecture estim\u00e9e\" \/>\n\t<meta name=\"twitter:data2\" content=\"3 minutes\" \/>\n<script type=\"application\/ld+json\" class=\"yoast-schema-graph\">{\"@context\":\"https:\/\/schema.org\",\"@graph\":[{\"@type\":\"WebPage\",\"@id\":\"https:\/\/eelab.fr\/?p=939\",\"url\":\"https:\/\/eelab.fr\/?p=939\",\"name\":\"Pro'cr\u00e9a Le congr\u00e8s des acteurs de l'accompagnement entrepreneurial\u00a0- 7.09.23 - Entrepreneurial Ecosystem Lab\",\"isPartOf\":{\"@id\":\"https:\/\/eelab.fr\/#website\"},\"datePublished\":\"2023-07-07T06:45:50+00:00\",\"dateModified\":\"2023-08-24T15:06:21+00:00\",\"author\":{\"@id\":\"https:\/\/eelab.fr\/#\/schema\/person\/2f24cdc0f46bac0771f78ddfcaa649ab\"},\"breadcrumb\":{\"@id\":\"https:\/\/eelab.fr\/?p=939#breadcrumb\"},\"inLanguage\":\"fr-FR\",\"potentialAction\":[{\"@type\":\"ReadAction\",\"target\":[\"https:\/\/eelab.fr\/?p=939\"]}]},{\"@type\":\"BreadcrumbList\",\"@id\":\"https:\/\/eelab.fr\/?p=939#breadcrumb\",\"itemListElement\":[{\"@type\":\"ListItem\",\"position\":1,\"name\":\"Home\",\"item\":\"https:\/\/eelab.fr\/\"},{\"@type\":\"ListItem\",\"position\":2,\"name\":\"Pro&rsquo;cr\u00e9a Le congr\u00e8s des acteurs de l&rsquo;accompagnement entrepreneurial\u00a0&#8211; 7.09.23\"}]},{\"@type\":\"WebSite\",\"@id\":\"https:\/\/eelab.fr\/#website\",\"url\":\"https:\/\/eelab.fr\/\",\"name\":\"Entrepreneurial Ecosystem Lab\",\"description\":\"Un espace d\u2019\u00e9change sur l\u2019entrepreneuriat et son accompagnement\",\"potentialAction\":[{\"@type\":\"SearchAction\",\"target\":{\"@type\":\"EntryPoint\",\"urlTemplate\":\"https:\/\/eelab.fr\/?s={search_term_string}\"},\"query-input\":{\"@type\":\"PropertyValueSpecification\",\"valueRequired\":true,\"valueName\":\"search_term_string\"}}],\"inLanguage\":\"fr-FR\"},{\"@type\":\"Person\",\"@id\":\"https:\/\/eelab.fr\/#\/schema\/person\/2f24cdc0f46bac0771f78ddfcaa649ab\",\"name\":\"admin2022\",\"image\":{\"@type\":\"ImageObject\",\"inLanguage\":\"fr-FR\",\"@id\":\"https:\/\/eelab.fr\/#\/schema\/person\/image\/\",\"url\":\"https:\/\/secure.gravatar.com\/avatar\/dd2a224573b0945560f7e5f18273d41c?s=96&d=mm&r=g\",\"contentUrl\":\"https:\/\/secure.gravatar.com\/avatar\/dd2a224573b0945560f7e5f18273d41c?s=96&d=mm&r=g\",\"caption\":\"admin2022\"},\"sameAs\":[\"https:\/\/eelab.fr\/wordpress\"],\"url\":\"https:\/\/eelab.fr\/?author=1\"}]}<\/script>\n<!-- \/ Yoast SEO plugin. -->","yoast_head_json":{"title":"Pro'cr\u00e9a Le congr\u00e8s des acteurs de l'accompagnement entrepreneurial\u00a0- 7.09.23 - Entrepreneurial Ecosystem Lab","robots":{"index":"index","follow":"follow","max-snippet":"max-snippet:-1","max-image-preview":"max-image-preview:large","max-video-preview":"max-video-preview:-1"},"canonical":"https:\/\/eelab.fr\/?p=939","og_locale":"fr_FR","og_type":"article","og_title":"Pro'cr\u00e9a Le congr\u00e8s des acteurs de l'accompagnement entrepreneurial\u00a0- 7.09.23 - Entrepreneurial Ecosystem Lab","og_description":"Description \u00a0Pro\u2019cr\u00e9a 2023 est un congr\u00e8s sur l\u2019entrepreneuriat qui se d\u00e9roule du 6 au 8 septembre. Il vise \u00e0 explorer la dynamique entre l\u2019accompagnant et l\u2019accompagn\u00e9, en se penchant sur le bonheur entrepreneurial. Les journ\u00e9es combinent conf\u00e9rences, tables rondes et master classes abordant divers aspects tels que les \u00e9motions, la responsabilit\u00e9 territoriale et l'innovation. La [&hellip;]","og_url":"https:\/\/eelab.fr\/?p=939","og_site_name":"Entrepreneurial Ecosystem Lab","article_published_time":"2023-07-07T06:45:50+00:00","article_modified_time":"2023-08-24T15:06:21+00:00","author":"admin2022","twitter_card":"summary_large_image","twitter_misc":{"\u00c9crit par":"admin2022","Dur\u00e9e de lecture estim\u00e9e":"3 minutes"},"schema":{"@context":"https:\/\/schema.org","@graph":[{"@type":"WebPage","@id":"https:\/\/eelab.fr\/?p=939","url":"https:\/\/eelab.fr\/?p=939","name":"Pro'cr\u00e9a Le congr\u00e8s des acteurs de l'accompagnement entrepreneurial\u00a0- 7.09.23 - Entrepreneurial Ecosystem Lab","isPartOf":{"@id":"https:\/\/eelab.fr\/#website"},"datePublished":"2023-07-07T06:45:50+00:00","dateModified":"2023-08-24T15:06:21+00:00","author":{"@id":"https:\/\/eelab.fr\/#\/schema\/person\/2f24cdc0f46bac0771f78ddfcaa649ab"},"breadcrumb":{"@id":"https:\/\/eelab.fr\/?p=939#breadcrumb"},"inLanguage":"fr-FR","potentialAction":[{"@type":"ReadAction","target":["https:\/\/eelab.fr\/?p=939"]}]},{"@type":"BreadcrumbList","@id":"https:\/\/eelab.fr\/?p=939#breadcrumb","itemListElement":[{"@type":"ListItem","position":1,"name":"Home","item":"https:\/\/eelab.fr\/"},{"@type":"ListItem","position":2,"name":"Pro&rsquo;cr\u00e9a Le congr\u00e8s des acteurs de l&rsquo;accompagnement entrepreneurial\u00a0&#8211; 7.09.23"}]},{"@type":"WebSite","@id":"https:\/\/eelab.fr\/#website","url":"https:\/\/eelab.fr\/","name":"Entrepreneurial Ecosystem Lab","description":"Un espace d\u2019\u00e9change sur l\u2019entrepreneuriat et son accompagnement","potentialAction":[{"@type":"SearchAction","target":{"@type":"EntryPoint","urlTemplate":"https:\/\/eelab.fr\/?s={search_term_string}"},"query-input":{"@type":"PropertyValueSpecification","valueRequired":true,"valueName":"search_term_string"}}],"inLanguage":"fr-FR"},{"@type":"Person","@id":"https:\/\/eelab.fr\/#\/schema\/person\/2f24cdc0f46bac0771f78ddfcaa649ab","name":"admin2022","image":{"@type":"ImageObject","inLanguage":"fr-FR","@id":"https:\/\/eelab.fr\/#\/schema\/person\/image\/","url":"https:\/\/secure.gravatar.com\/avatar\/dd2a224573b0945560f7e5f18273d41c?s=96&d=mm&r=g","contentUrl":"https:\/\/secure.gravatar.com\/avatar\/dd2a224573b0945560f7e5f18273d41c?s=96&d=mm&r=g","caption":"admin2022"},"sameAs":["https:\/\/eelab.fr\/wordpress"],"url":"https:\/\/eelab.fr\/?author=1"}]}},"_links":{"self":[{"href":"https:\/\/eelab.fr\/index.php?rest_route=\/wp\/v2\/posts\/939","targetHints":{"allow":["GET"]}}],"collection":[{"href":"https:\/\/eelab.fr\/index.php?rest_route=\/wp\/v2\/posts"}],"about":[{"href":"https:\/\/eelab.fr\/index.php?rest_route=\/wp\/v2\/types\/post"}],"author":[{"embeddable":true,"href":"https:\/\/eelab.fr\/index.php?rest_route=\/wp\/v2\/users\/1"}],"replies":[{"embeddable":true,"href":"https:\/\/eelab.fr\/index.php?rest_route=%2Fwp%2Fv2%2Fcomments&post=939"}],"version-history":[{"count":6,"href":"https:\/\/eelab.fr\/index.php?rest_route=\/wp\/v2\/posts\/939\/revisions"}],"predecessor-version":[{"id":1086,"href":"https:\/\/eelab.fr\/index.php?rest_route=\/wp\/v2\/posts\/939\/revisions\/1086"}],"wp:attachment":[{"href":"https:\/\/eelab.fr\/index.php?rest_route=%2Fwp%2Fv2%2Fmedia&parent=939"}],"wp:term":[{"taxonomy":"category","embeddable":true,"href":"https:\/\/eelab.fr\/index.php?rest_route=%2Fwp%2Fv2%2Fcategories&post=939"},{"taxonomy":"post_tag","embeddable":true,"href":"https:\/\/eelab.fr\/index.php?rest_route=%2Fwp%2Fv2%2Ftags&post=939"}],"curies":[{"name":"wp","href":"https:\/\/api.w.org\/{rel}","templated":true}]}}