{"id":879,"date":"2022-11-04T10:13:52","date_gmt":"2022-11-04T10:13:52","guid":{"rendered":"https:\/\/eelab.fr\/?p=879"},"modified":"2022-11-04T10:22:27","modified_gmt":"2022-11-04T10:22:27","slug":"ecosysteme-entrepreneurial-echec-et-rebond-09-06-2022","status":"publish","type":"post","link":"https:\/\/eelab.fr\/?p=879","title":{"rendered":"Acc\u00e9l\u00e9rateurs corporate : d&rsquo;activateurs de start-up \u00e0 activateurs d&rsquo;\u00e9cosyst\u00e8me  &#8211; 15.11.2022"},"content":{"rendered":"\n\n\n\n\n[et_pb_section fb_built=\u00a0\u00bb1&Prime; admin_label=\u00a0\u00bbAbout\u00a0\u00bb _builder_version=\u00a0\u00bb4.14.8&Prime; _module_preset=\u00a0\u00bbdefault\u00a0\u00bb background_color=\u00a0\u00bb#181739&Prime; background_image=\u00a0\u00bbhttps:\/\/eelab.fr\/wp-content\/uploads\/2022\/05\/background_blur1-scaled.jpg\u00a0\u00bb custom_padding=\u00a0\u00bb||81px||false|false\u00a0\u00bb bottom_divider_style=\u00a0\u00bbasymmetric2&Prime; bottom_divider_color=\u00a0\u00bb#FFFFFF\u00a0\u00bb bottom_divider_flip=\u00a0\u00bbhorizontal\u00a0\u00bb locked=\u00a0\u00bboff\u00a0\u00bb global_colors_info=\u00a0\u00bb{}\u00a0\u00bb][et_pb_row _builder_version=\u00a0\u00bb4.14.8&Prime; _module_preset=\u00a0\u00bbdefault\u00a0\u00bb custom_padding=\u00a0\u00bb100px|||||\u00a0\u00bb global_colors_info=\u00a0\u00bb{}\u00a0\u00bb][et_pb_column type=\u00a0\u00bb4_4&Prime; _builder_version=\u00a0\u00bb4.14.8&Prime; _module_preset=\u00a0\u00bbdefault\u00a0\u00bb global_colors_info=\u00a0\u00bb{}\u00a0\u00bb][et_pb_post_title meta=\u00a0\u00bboff\u00a0\u00bb featured_image=\u00a0\u00bboff\u00a0\u00bb _builder_version=\u00a0\u00bb4.14.8&Prime; _module_preset=\u00a0\u00bbdefault\u00a0\u00bb title_font=\u00a0\u00bb|700|||||||\u00a0\u00bb title_text_color=\u00a0\u00bb#FFFFFF\u00a0\u00bb title_font_size=\u00a0\u00bb49px\u00a0\u00bb meta_text_color=\u00a0\u00bb#FFFFFF\u00a0\u00bb hover_enabled=\u00a0\u00bb0&Prime; global_colors_info=\u00a0\u00bb{}\u00a0\u00bb sticky_enabled=\u00a0\u00bb0&Prime;][\/et_pb_post_title][\/et_pb_column][\/et_pb_row][\/et_pb_section][et_pb_section fb_built=\u00a0\u00bb1&Prime; admin_label=\u00a0\u00bbHistory\u00a0\u00bb _builder_version=\u00a0\u00bb4.14.8&Prime; _module_preset=\u00a0\u00bbdefault\u00a0\u00bb background_image=\u00a0\u00bbhttps:\/\/eelab.fr\/wp-content\/uploads\/2022\/05\/star_bg2.png\u00a0\u00bb background_position=\u00a0\u00bbtop_left\u00a0\u00bb custom_margin=\u00a0\u00bb||-50px||false|false\u00a0\u00bb custom_padding=\u00a0\u00bb||150px||false|false\u00a0\u00bb global_colors_info=\u00a0\u00bb{}\u00a0\u00bb][et_pb_row _builder_version=\u00a0\u00bb4.10.6&Prime; _module_preset=\u00a0\u00bbdefault\u00a0\u00bb global_colors_info=\u00a0\u00bb{}\u00a0\u00bb][et_pb_column type=\u00a0\u00bb4_4&Prime; _builder_version=\u00a0\u00bb4.10.6&Prime; _module_preset=\u00a0\u00bbdefault\u00a0\u00bb global_colors_info=\u00a0\u00bb{}\u00a0\u00bb][et_pb_text _builder_version=\u00a0\u00bb4.14.8&Prime; _module_preset=\u00a0\u00bb7262e956-c376-4aa6-9642-c413f71527d0&Prime; text_text_color=\u00a0\u00bb#181739&Prime; text_line_height=\u00a0\u00bb1.8em\u00a0\u00bb text_orientation=\u00a0\u00bbjustified\u00a0\u00bb hover_enabled=\u00a0\u00bb0&Prime; header_font_size_tablet=\u00a0\u00bb55px\u00a0\u00bb header_font_size_last_edited=\u00a0\u00bboff|desktop\u00a0\u00bb locked=\u00a0\u00bboff\u00a0\u00bb global_colors_info=\u00a0\u00bb{}\u00a0\u00bb sticky_enabled=\u00a0\u00bb0&Prime;]<p><span style=\"font-weight: 400;\">Ces derni\u00e8res ann\u00e9es, les \u00e9cosyst\u00e8mes d\u2019innovation et d\u2019entrepreneuriat ont connu de profondes mutations notamment avec le d\u00e9veloppement de dispositifs comme la French Tech et l\u2019apparition de nouveaux acteurs, comme les acc\u00e9l\u00e9rateurs corporate. Cr\u00e9\u00e9s \u00e0 l\u2019initiative d\u2019entreprises \u00e9tablies comme Airbus, Cr\u00e9dit Agricole, CMA CGM ou Microsoft, ces espaces propices \u00e0 l\u2019open innovation visent \u00e0 favoriser l\u2019\u00e9mergence et le d\u00e9veloppement de start-up, voire de licornes.\u00a0<\/span><\/p>\n<p><span style=\"font-weight: 400;\">Dans ce contexte, il convient de s\u2019interroger sur le r\u00f4le de ces nouveaux acteurs dans la dynamique des \u00e9cosyst\u00e8mes. Si leur contribution dans l\u2019accompagnement des jeunes entreprises innovantes semble aujourd\u2019hui reconnue, qu\u2019en est-il de leur r\u00f4le dans l\u2019animation et la gouvernance des \u00e9cosyst\u00e8mes\u00a0? Dans quelle mesure contribuent-ils \u00e0 favoriser les interactions entre les acteurs de l\u2019\u00e9cosyst\u00e8me\u00a0: entrepreneurs, acteurs de l\u2019accompagnement, universit\u00e9s, investisseurs, entreprises \u00e9tablies, d\u00e9cideurs politiques et m\u00e9dias\u00a0?<\/span><\/p>\n<p><span style=\"font-weight: 400;\">L\u2019ambition de ce webinaire est d\u2019engager un d\u00e9bat sur l\u2019\u00e9volution des acc\u00e9l\u00e9rateurs corporate et leur impact sur la dynamique des \u00e9cosyst\u00e8mes.<\/span><\/p>\n<p><b>Animateur<\/b><\/p>[\/et_pb_text][et_pb_accordion open_toggle_background_color=\u00a0\u00bbRGBA(255,255,255,0)\u00a0\u00bb _builder_version=\u00a0\u00bb4.14.8&Prime; _module_preset=\u00a0\u00bbdefault\u00a0\u00bb toggle_font=\u00a0\u00bb|600|||||||\u00a0\u00bb global_colors_info=\u00a0\u00bb{}\u00a0\u00bb][et_pb_accordion_item title=\u00a0\u00bbKarim MESSEGHEM  &#8211; Labex Entreprendre, Entrepreneurial Ecosystem Lab\u00a0\u00bb open=\u00a0\u00bbon\u00a0\u00bb _builder_version=\u00a0\u00bb4.14.8&Prime; _module_preset=\u00a0\u00bbdefault\u00a0\u00bb border_color_all=\u00a0\u00bb#8457B3&Prime; global_colors_info=\u00a0\u00bb{}\u00a0\u00bb]Karim MESSEGHEM est professeur agr\u00e9g\u00e9 des Universit\u00e9s en entrepreneuriat et strat\u00e9gie \u00e0 l\u2019Universit\u00e9 de Montpellier. Fondateur de Montpellier Management et du LabEx Entreprendre, il codirige la chaire Jacques Coeur pour l\u2019accompagnement entrepreneurial. Il dirige plusieurs formations en Entrepreneuriat et programmes Executive pour des dirigeants de PME. Ses recherches men\u00e9es au sein de MRM et du LabEx Entreprendre portent sur les \u00e9cosyst\u00e8mes entrepreneuriaux et les strat\u00e9gies entrepreneuriales des PME. Il a publi\u00e9 plusieurs ouvrages et une cinquantaine d\u2019articles dans des revues nationales et internationales. Il est responsable scientifique pour la France du Global Entrepreneurship Monitor (GEM).[\/et_pb_accordion_item][\/et_pb_accordion][et_pb_accordion open_toggle_background_color=\u00a0\u00bbRGBA(255,255,255,0)\u00a0\u00bb _builder_version=\u00a0\u00bb4.14.8&Prime; _module_preset=\u00a0\u00bbdefault\u00a0\u00bb toggle_font=\u00a0\u00bb|600|||||||\u00a0\u00bb hover_enabled=\u00a0\u00bb0&Prime; global_colors_info=\u00a0\u00bb{}\u00a0\u00bb sticky_enabled=\u00a0\u00bb0&Prime;][et_pb_accordion_item title=\u00a0\u00bbConstance BANC  &#8211; Labex Entreprendre, Entrepreneurial Ecosystem Lab\u00a0\u00bb open=\u00a0\u00bbon\u00a0\u00bb _builder_version=\u00a0\u00bb4.14.8&Prime; _module_preset=\u00a0\u00bbdefault\u00a0\u00bb hover_enabled=\u00a0\u00bb0&Prime; border_color_all=\u00a0\u00bb#8457B3&Prime; global_colors_info=\u00a0\u00bb{}\u00a0\u00bb sticky_enabled=\u00a0\u00bb0&Prime;]<p>Constance BANC est ing\u00e9nieure de recherche en entrepreneuriat au LabEx Entreprendre. Ses recherches men\u00e9es au sein de MRM et du LabEx Entreprendre portent sur les \u00e9cosyst\u00e8mes entrepreneuriaux et les strat\u00e9gies des acteurs de l&rsquo;accompagnement entrepreneurial, notamment les acc\u00e9l\u00e9rateurs corporate.\u00a0<\/p>[\/et_pb_accordion_item][\/et_pb_accordion][et_pb_text disabled_on=\u00a0\u00bbon|on|on\u00a0\u00bb _builder_version=\u00a0\u00bb4.14.8&Prime; _module_preset=\u00a0\u00bb7262e956-c376-4aa6-9642-c413f71527d0&Prime; text_text_color=\u00a0\u00bb#181739&Prime; text_line_height=\u00a0\u00bb1.8em\u00a0\u00bb text_orientation=\u00a0\u00bbjustified\u00a0\u00bb header_font_size_tablet=\u00a0\u00bb55px\u00a0\u00bb header_font_size_last_edited=\u00a0\u00bboff|desktop\u00a0\u00bb disabled=\u00a0\u00bbon\u00a0\u00bb locked=\u00a0\u00bboff\u00a0\u00bb global_colors_info=\u00a0\u00bb{}\u00a0\u00bb]<p><b>Intervenants<\/b><\/p>[\/et_pb_text][et_pb_accordion open_toggle_background_color=\u00a0\u00bbRGBA(255,255,255,0)\u00a0\u00bb disabled_on=\u00a0\u00bboff|off|off\u00a0\u00bb _builder_version=\u00a0\u00bb4.14.8&Prime; _module_preset=\u00a0\u00bbdefault\u00a0\u00bb toggle_font=\u00a0\u00bb|600|||||||\u00a0\u00bb global_colors_info=\u00a0\u00bb{}\u00a0\u00bb][et_pb_accordion_item title=\u00a0\u00bbMa\u00ebva TORDO &#8211; La Boussole\u00a0\u00bb _builder_version=\u00a0\u00bb4.14.8&Prime; _module_preset=\u00a0\u00bbdefault\u00a0\u00bb hover_enabled=\u00a0\u00bb0&Prime; border_color_all=\u00a0\u00bb#8457B3&Prime; global_colors_info=\u00a0\u00bb{}\u00a0\u00bb open=\u00a0\u00bbon\u00a0\u00bb sticky_enabled=\u00a0\u00bb0&Prime;][\/et_pb_accordion_item][et_pb_accordion_item title=\u00a0\u00bbFabrice MARSELLA &#8211; Le Village by CA Paris\u00a0\u00bb open=\u00a0\u00bboff\u00a0\u00bb _builder_version=\u00a0\u00bb4.14.8&Prime; _module_preset=\u00a0\u00bbdefault\u00a0\u00bb hover_enabled=\u00a0\u00bb0&Prime; border_color_all=\u00a0\u00bb#8457B3&Prime; global_colors_info=\u00a0\u00bb{}\u00a0\u00bb sticky_enabled=\u00a0\u00bb0&Prime;][\/et_pb_accordion_item][et_pb_accordion_item title=\u00a0\u00bbAurore PULLINI &#8211; ZeBox\u00a0\u00bb _builder_version=\u00a0\u00bb4.14.8&Prime; _module_preset=\u00a0\u00bbdefault\u00a0\u00bb border_color_all=\u00a0\u00bb#8457B3&Prime; global_colors_info=\u00a0\u00bb{}\u00a0\u00bb open=\u00a0\u00bboff\u00a0\u00bb][\/et_pb_accordion_item][\/et_pb_accordion][et_pb_button button_url=\u00a0\u00bbhttps:\/\/lnkd.in\/eMcspBVz\u00a0\u00bb button_text=\u00a0\u00bbInscription \u00e0 la table ronde\u00a0\u00bb button_alignment=\u00a0\u00bbcenter\u00a0\u00bb _builder_version=\u00a0\u00bb4.14.8&Prime; _module_preset=\u00a0\u00bbec1c8900-b8c6-4613-b437-dca1263aa061&Prime; custom_button=\u00a0\u00bbon\u00a0\u00bb button_text_size=\u00a0\u00bb16px\u00a0\u00bb button_text_color=\u00a0\u00bb#FFFFFF\u00a0\u00bb button_bg_color=\u00a0\u00bb#8300E9&Prime; button_border_width=\u00a0\u00bb0px\u00a0\u00bb button_border_radius=\u00a0\u00bb0px\u00a0\u00bb button_font=\u00a0\u00bbRoboto|700|||||||\u00a0\u00bb custom_padding=\u00a0\u00bb15px|30px|15px|30px|true|true\u00a0\u00bb hover_enabled=\u00a0\u00bb0&Prime; box_shadow_style=\u00a0\u00bbpreset3&Prime; box_shadow_vertical=\u00a0\u00bb60px\u00a0\u00bb box_shadow_blur=\u00a0\u00bb60px\u00a0\u00bb box_shadow_spread=\u00a0\u00bb0px\u00a0\u00bb box_shadow_color=\u00a0\u00bbrgba(14,15,43,0.1)\u00a0\u00bb locked=\u00a0\u00bboff\u00a0\u00bb global_colors_info=\u00a0\u00bb{}\u00a0\u00bb sticky_enabled=\u00a0\u00bb0&Prime;][\/et_pb_button][et_pb_image src=\u00a0\u00bbhttps:\/\/eelab.fr\/wp-content\/uploads\/2022\/05\/webinaire_light-1-1.pdf\u00a0\u00bb title_text=\u00a0\u00bbwebinaire_light\u00a0\u00bb align=\u00a0\u00bbcenter\u00a0\u00bb disabled_on=\u00a0\u00bbon|on|on\u00a0\u00bb _builder_version=\u00a0\u00bb4.14.8&Prime; _module_preset=\u00a0\u00bbdefault\u00a0\u00bb disabled=\u00a0\u00bbon\u00a0\u00bb global_colors_info=\u00a0\u00bb{}\u00a0\u00bb][\/et_pb_image][\/et_pb_column][\/et_pb_row][\/et_pb_section]\n\n\n\n\n","protected":false},"excerpt":{"rendered":"<p>Ces derni\u00e8res ann\u00e9es, les \u00e9cosyst\u00e8mes d\u2019innovation et d\u2019entrepreneuriat ont connu de profondes mutations notamment avec le d\u00e9veloppement de dispositifs comme la French Tech et l\u2019apparition de nouveaux acteurs, comme les acc\u00e9l\u00e9rateurs corporate. Cr\u00e9\u00e9s \u00e0 l\u2019initiative d\u2019entreprises \u00e9tablies comme Airbus, Cr\u00e9dit Agricole, CMA CGM ou Microsoft, ces espaces propices \u00e0 l\u2019open innovation visent \u00e0 favoriser l\u2019\u00e9mergence [&hellip;]<\/p>\n","protected":false},"author":1,"featured_media":0,"comment_status":"closed","ping_status":"closed","sticky":false,"template":"","format":"standard","meta":{"_et_pb_use_builder":"on","_et_pb_old_content":"","_et_gb_content_width":"2880","footnotes":""},"categories":[10],"tags":[],"class_list":["post-879","post","type-post","status-publish","format-standard","hentry","category-webinaire"],"yoast_head":"<!-- This site is optimized with the Yoast SEO plugin v23.4 - https:\/\/yoast.com\/wordpress\/plugins\/seo\/ -->\n<title>Acc\u00e9l\u00e9rateurs corporate : d&#039;activateurs de start-up \u00e0 activateurs d&#039;\u00e9cosyst\u00e8me - 15.11.2022 - Entrepreneurial Ecosystem Lab<\/title>\n<meta name=\"robots\" content=\"index, follow, max-snippet:-1, max-image-preview:large, max-video-preview:-1\" \/>\n<link rel=\"canonical\" href=\"https:\/\/eelab.fr\/?p=879\" \/>\n<meta property=\"og:locale\" content=\"fr_FR\" \/>\n<meta property=\"og:type\" content=\"article\" \/>\n<meta property=\"og:title\" content=\"Acc\u00e9l\u00e9rateurs corporate : d&#039;activateurs de start-up \u00e0 activateurs d&#039;\u00e9cosyst\u00e8me - 15.11.2022 - Entrepreneurial Ecosystem Lab\" \/>\n<meta property=\"og:description\" content=\"Ces derni\u00e8res ann\u00e9es, les \u00e9cosyst\u00e8mes d\u2019innovation et d\u2019entrepreneuriat ont connu de profondes mutations notamment avec le d\u00e9veloppement de dispositifs comme la French Tech et l\u2019apparition de nouveaux acteurs, comme les acc\u00e9l\u00e9rateurs corporate. Cr\u00e9\u00e9s \u00e0 l\u2019initiative d\u2019entreprises \u00e9tablies comme Airbus, Cr\u00e9dit Agricole, CMA CGM ou Microsoft, ces espaces propices \u00e0 l\u2019open innovation visent \u00e0 favoriser l\u2019\u00e9mergence [&hellip;]\" \/>\n<meta property=\"og:url\" content=\"https:\/\/eelab.fr\/?p=879\" \/>\n<meta property=\"og:site_name\" content=\"Entrepreneurial Ecosystem Lab\" \/>\n<meta property=\"article:published_time\" content=\"2022-11-04T10:13:52+00:00\" \/>\n<meta property=\"article:modified_time\" content=\"2022-11-04T10:22:27+00:00\" \/>\n<meta name=\"author\" content=\"admin2022\" \/>\n<meta name=\"twitter:card\" content=\"summary_large_image\" \/>\n<meta name=\"twitter:label1\" content=\"\u00c9crit par\" \/>\n\t<meta name=\"twitter:data1\" content=\"admin2022\" \/>\n\t<meta name=\"twitter:label2\" content=\"Dur\u00e9e de lecture estim\u00e9e\" \/>\n\t<meta name=\"twitter:data2\" content=\"3 minutes\" \/>\n<script type=\"application\/ld+json\" class=\"yoast-schema-graph\">{\"@context\":\"https:\/\/schema.org\",\"@graph\":[{\"@type\":\"WebPage\",\"@id\":\"https:\/\/eelab.fr\/?p=879\",\"url\":\"https:\/\/eelab.fr\/?p=879\",\"name\":\"Acc\u00e9l\u00e9rateurs corporate : d'activateurs de start-up \u00e0 activateurs d'\u00e9cosyst\u00e8me - 15.11.2022 - Entrepreneurial Ecosystem Lab\",\"isPartOf\":{\"@id\":\"https:\/\/eelab.fr\/#website\"},\"datePublished\":\"2022-11-04T10:13:52+00:00\",\"dateModified\":\"2022-11-04T10:22:27+00:00\",\"author\":{\"@id\":\"https:\/\/eelab.fr\/#\/schema\/person\/2f24cdc0f46bac0771f78ddfcaa649ab\"},\"breadcrumb\":{\"@id\":\"https:\/\/eelab.fr\/?p=879#breadcrumb\"},\"inLanguage\":\"fr-FR\",\"potentialAction\":[{\"@type\":\"ReadAction\",\"target\":[\"https:\/\/eelab.fr\/?p=879\"]}]},{\"@type\":\"BreadcrumbList\",\"@id\":\"https:\/\/eelab.fr\/?p=879#breadcrumb\",\"itemListElement\":[{\"@type\":\"ListItem\",\"position\":1,\"name\":\"Home\",\"item\":\"https:\/\/eelab.fr\/\"},{\"@type\":\"ListItem\",\"position\":2,\"name\":\"Acc\u00e9l\u00e9rateurs corporate : d&rsquo;activateurs de start-up \u00e0 activateurs d&rsquo;\u00e9cosyst\u00e8me &#8211; 15.11.2022\"}]},{\"@type\":\"WebSite\",\"@id\":\"https:\/\/eelab.fr\/#website\",\"url\":\"https:\/\/eelab.fr\/\",\"name\":\"Entrepreneurial Ecosystem Lab\",\"description\":\"Un espace d\u2019\u00e9change sur l\u2019entrepreneuriat et son accompagnement\",\"potentialAction\":[{\"@type\":\"SearchAction\",\"target\":{\"@type\":\"EntryPoint\",\"urlTemplate\":\"https:\/\/eelab.fr\/?s={search_term_string}\"},\"query-input\":{\"@type\":\"PropertyValueSpecification\",\"valueRequired\":true,\"valueName\":\"search_term_string\"}}],\"inLanguage\":\"fr-FR\"},{\"@type\":\"Person\",\"@id\":\"https:\/\/eelab.fr\/#\/schema\/person\/2f24cdc0f46bac0771f78ddfcaa649ab\",\"name\":\"admin2022\",\"image\":{\"@type\":\"ImageObject\",\"inLanguage\":\"fr-FR\",\"@id\":\"https:\/\/eelab.fr\/#\/schema\/person\/image\/\",\"url\":\"https:\/\/secure.gravatar.com\/avatar\/dd2a224573b0945560f7e5f18273d41c?s=96&d=mm&r=g\",\"contentUrl\":\"https:\/\/secure.gravatar.com\/avatar\/dd2a224573b0945560f7e5f18273d41c?s=96&d=mm&r=g\",\"caption\":\"admin2022\"},\"sameAs\":[\"https:\/\/eelab.fr\/wordpress\"],\"url\":\"https:\/\/eelab.fr\/?author=1\"}]}<\/script>\n<!-- \/ Yoast SEO plugin. -->","yoast_head_json":{"title":"Acc\u00e9l\u00e9rateurs corporate : d'activateurs de start-up \u00e0 activateurs d'\u00e9cosyst\u00e8me - 15.11.2022 - Entrepreneurial Ecosystem Lab","robots":{"index":"index","follow":"follow","max-snippet":"max-snippet:-1","max-image-preview":"max-image-preview:large","max-video-preview":"max-video-preview:-1"},"canonical":"https:\/\/eelab.fr\/?p=879","og_locale":"fr_FR","og_type":"article","og_title":"Acc\u00e9l\u00e9rateurs corporate : d'activateurs de start-up \u00e0 activateurs d'\u00e9cosyst\u00e8me - 15.11.2022 - Entrepreneurial Ecosystem Lab","og_description":"Ces derni\u00e8res ann\u00e9es, les \u00e9cosyst\u00e8mes d\u2019innovation et d\u2019entrepreneuriat ont connu de profondes mutations notamment avec le d\u00e9veloppement de dispositifs comme la French Tech et l\u2019apparition de nouveaux acteurs, comme les acc\u00e9l\u00e9rateurs corporate. Cr\u00e9\u00e9s \u00e0 l\u2019initiative d\u2019entreprises \u00e9tablies comme Airbus, Cr\u00e9dit Agricole, CMA CGM ou Microsoft, ces espaces propices \u00e0 l\u2019open innovation visent \u00e0 favoriser l\u2019\u00e9mergence [&hellip;]","og_url":"https:\/\/eelab.fr\/?p=879","og_site_name":"Entrepreneurial Ecosystem Lab","article_published_time":"2022-11-04T10:13:52+00:00","article_modified_time":"2022-11-04T10:22:27+00:00","author":"admin2022","twitter_card":"summary_large_image","twitter_misc":{"\u00c9crit par":"admin2022","Dur\u00e9e de lecture estim\u00e9e":"3 minutes"},"schema":{"@context":"https:\/\/schema.org","@graph":[{"@type":"WebPage","@id":"https:\/\/eelab.fr\/?p=879","url":"https:\/\/eelab.fr\/?p=879","name":"Acc\u00e9l\u00e9rateurs corporate : d'activateurs de start-up \u00e0 activateurs d'\u00e9cosyst\u00e8me - 15.11.2022 - Entrepreneurial Ecosystem Lab","isPartOf":{"@id":"https:\/\/eelab.fr\/#website"},"datePublished":"2022-11-04T10:13:52+00:00","dateModified":"2022-11-04T10:22:27+00:00","author":{"@id":"https:\/\/eelab.fr\/#\/schema\/person\/2f24cdc0f46bac0771f78ddfcaa649ab"},"breadcrumb":{"@id":"https:\/\/eelab.fr\/?p=879#breadcrumb"},"inLanguage":"fr-FR","potentialAction":[{"@type":"ReadAction","target":["https:\/\/eelab.fr\/?p=879"]}]},{"@type":"BreadcrumbList","@id":"https:\/\/eelab.fr\/?p=879#breadcrumb","itemListElement":[{"@type":"ListItem","position":1,"name":"Home","item":"https:\/\/eelab.fr\/"},{"@type":"ListItem","position":2,"name":"Acc\u00e9l\u00e9rateurs corporate : d&rsquo;activateurs de start-up \u00e0 activateurs d&rsquo;\u00e9cosyst\u00e8me &#8211; 15.11.2022"}]},{"@type":"WebSite","@id":"https:\/\/eelab.fr\/#website","url":"https:\/\/eelab.fr\/","name":"Entrepreneurial Ecosystem Lab","description":"Un espace d\u2019\u00e9change sur l\u2019entrepreneuriat et son accompagnement","potentialAction":[{"@type":"SearchAction","target":{"@type":"EntryPoint","urlTemplate":"https:\/\/eelab.fr\/?s={search_term_string}"},"query-input":{"@type":"PropertyValueSpecification","valueRequired":true,"valueName":"search_term_string"}}],"inLanguage":"fr-FR"},{"@type":"Person","@id":"https:\/\/eelab.fr\/#\/schema\/person\/2f24cdc0f46bac0771f78ddfcaa649ab","name":"admin2022","image":{"@type":"ImageObject","inLanguage":"fr-FR","@id":"https:\/\/eelab.fr\/#\/schema\/person\/image\/","url":"https:\/\/secure.gravatar.com\/avatar\/dd2a224573b0945560f7e5f18273d41c?s=96&d=mm&r=g","contentUrl":"https:\/\/secure.gravatar.com\/avatar\/dd2a224573b0945560f7e5f18273d41c?s=96&d=mm&r=g","caption":"admin2022"},"sameAs":["https:\/\/eelab.fr\/wordpress"],"url":"https:\/\/eelab.fr\/?author=1"}]}},"_links":{"self":[{"href":"https:\/\/eelab.fr\/index.php?rest_route=\/wp\/v2\/posts\/879","targetHints":{"allow":["GET"]}}],"collection":[{"href":"https:\/\/eelab.fr\/index.php?rest_route=\/wp\/v2\/posts"}],"about":[{"href":"https:\/\/eelab.fr\/index.php?rest_route=\/wp\/v2\/types\/post"}],"author":[{"embeddable":true,"href":"https:\/\/eelab.fr\/index.php?rest_route=\/wp\/v2\/users\/1"}],"replies":[{"embeddable":true,"href":"https:\/\/eelab.fr\/index.php?rest_route=%2Fwp%2Fv2%2Fcomments&post=879"}],"version-history":[{"count":4,"href":"https:\/\/eelab.fr\/index.php?rest_route=\/wp\/v2\/posts\/879\/revisions"}],"predecessor-version":[{"id":948,"href":"https:\/\/eelab.fr\/index.php?rest_route=\/wp\/v2\/posts\/879\/revisions\/948"}],"wp:attachment":[{"href":"https:\/\/eelab.fr\/index.php?rest_route=%2Fwp%2Fv2%2Fmedia&parent=879"}],"wp:term":[{"taxonomy":"category","embeddable":true,"href":"https:\/\/eelab.fr\/index.php?rest_route=%2Fwp%2Fv2%2Fcategories&post=879"},{"taxonomy":"post_tag","embeddable":true,"href":"https:\/\/eelab.fr\/index.php?rest_route=%2Fwp%2Fv2%2Ftags&post=879"}],"curies":[{"name":"wp","href":"https:\/\/api.w.org\/{rel}","templated":true}]}}