{"id":1450,"date":"2025-09-25T09:50:47","date_gmt":"2025-09-25T09:50:47","guid":{"rendered":"https:\/\/eelab.fr\/?p=1450"},"modified":"2025-09-25T09:52:23","modified_gmt":"2025-09-25T09:52:23","slug":"ecosysteme-de-la-transmission-reprise-regards-croises-06-2025","status":"publish","type":"post","link":"https:\/\/eelab.fr\/?p=1450","title":{"rendered":"\u00c9cosyst\u00e8me de la transmission-reprise : Regards crois\u00e9s &#8211; 06.2025"},"content":{"rendered":"<p>[et_pb_section fb_built=\u00a0\u00bb1&Prime; admin_label=\u00a0\u00bbAbout\u00a0\u00bb _builder_version=\u00a0\u00bb4.16&Prime; _module_preset=\u00a0\u00bbdefault\u00a0\u00bb background_color=\u00a0\u00bb#181739&Prime; background_image=\u00a0\u00bbhttps:\/\/eelab.fr\/wp-content\/uploads\/2022\/05\/background_blur1-scaled.jpg\u00a0\u00bb custom_padding=\u00a0\u00bb||81px||false|false\u00a0\u00bb bottom_divider_style=\u00a0\u00bbasymmetric2&Prime; bottom_divider_color=\u00a0\u00bb#FFFFFF\u00a0\u00bb bottom_divider_flip=\u00a0\u00bbhorizontal\u00a0\u00bb locked=\u00a0\u00bboff\u00a0\u00bb global_colors_info=\u00a0\u00bb{}\u00a0\u00bb][et_pb_row _builder_version=\u00a0\u00bb4.16&Prime; _module_preset=\u00a0\u00bbdefault\u00a0\u00bb custom_padding=\u00a0\u00bb100px|||||\u00a0\u00bb global_colors_info=\u00a0\u00bb{}\u00a0\u00bb][et_pb_column type=\u00a0\u00bb4_4&Prime; _builder_version=\u00a0\u00bb4.16&Prime; _module_preset=\u00a0\u00bbdefault\u00a0\u00bb global_colors_info=\u00a0\u00bb{}\u00a0\u00bb][et_pb_post_title meta=\u00a0\u00bboff\u00a0\u00bb featured_image=\u00a0\u00bboff\u00a0\u00bb _builder_version=\u00a0\u00bb4.16&Prime; _module_preset=\u00a0\u00bbdefault\u00a0\u00bb title_font=\u00a0\u00bb|700|||||||\u00a0\u00bb title_text_color=\u00a0\u00bb#FFFFFF\u00a0\u00bb title_font_size=\u00a0\u00bb49px\u00a0\u00bb meta_text_color=\u00a0\u00bb#FFFFFF\u00a0\u00bb global_colors_info=\u00a0\u00bb{}\u00a0\u00bb][\/et_pb_post_title][\/et_pb_column][\/et_pb_row][\/et_pb_section][et_pb_section fb_built=\u00a0\u00bb1&Prime; admin_label=\u00a0\u00bbHistory\u00a0\u00bb _builder_version=\u00a0\u00bb4.16&Prime; _module_preset=\u00a0\u00bbdefault\u00a0\u00bb background_image=\u00a0\u00bbhttps:\/\/eelab.fr\/wp-content\/uploads\/2022\/05\/star_bg2.png\u00a0\u00bb background_position=\u00a0\u00bbtop_left\u00a0\u00bb custom_margin=\u00a0\u00bb||-50px||false|false\u00a0\u00bb custom_padding=\u00a0\u00bb||150px||false|false\u00a0\u00bb global_colors_info=\u00a0\u00bb{}\u00a0\u00bb][et_pb_row _builder_version=\u00a0\u00bb4.16&Prime; _module_preset=\u00a0\u00bbdefault\u00a0\u00bb global_colors_info=\u00a0\u00bb{}\u00a0\u00bb][et_pb_column type=\u00a0\u00bb4_4&Prime; _builder_version=\u00a0\u00bb4.16&Prime; _module_preset=\u00a0\u00bbdefault\u00a0\u00bb global_colors_info=\u00a0\u00bb{}\u00a0\u00bb][et_pb_text _builder_version=\u00a0\u00bb4.27.0&Prime; _module_preset=\u00a0\u00bb7262e956-c376-4aa6-9642-c413f71527d0&Prime; text_text_color=\u00a0\u00bb#181739&Prime; text_line_height=\u00a0\u00bb1.8em\u00a0\u00bb text_orientation=\u00a0\u00bbjustified\u00a0\u00bb hover_enabled=\u00a0\u00bb0&Prime; header_font_size_tablet=\u00a0\u00bb55px\u00a0\u00bb header_font_size_last_edited=\u00a0\u00bboff|desktop\u00a0\u00bb locked=\u00a0\u00bboff\u00a0\u00bb global_colors_info=\u00a0\u00bb{}\u00a0\u00bb sticky_enabled=\u00a0\u00bb0&Prime;]<\/p>\n<p>Ce webinaire a r\u00e9uni des intervenants engag\u00e9s pour fluidifier les dynamiques entre c\u00e9dants, repreneurs et acteurs du territoire. Un enjeu crucial pour assurer la p\u00e9rennit\u00e9 de nos entreprises dans un contexte de transitions multiples.<\/p>\n<p><b>Animateur<\/b><\/p>\n<p>[\/et_pb_text][et_pb_accordion open_toggle_background_color=\u00a0\u00bbRGBA(255,255,255,0)\u00a0\u00bb _builder_version=\u00a0\u00bb4.16&Prime; _module_preset=\u00a0\u00bbdefault\u00a0\u00bb toggle_font=\u00a0\u00bb|600|||||||\u00a0\u00bb global_colors_info=\u00a0\u00bb{}\u00a0\u00bb][et_pb_accordion_item title=\u00a0\u00bbKarim MESSEGHEM  &#8211; Labex Entreprendre, Entrepreneurial Ecosystem Lab\u00a0\u00bb open=\u00a0\u00bbon\u00a0\u00bb _builder_version=\u00a0\u00bb4.16&Prime; _module_preset=\u00a0\u00bbdefault\u00a0\u00bb border_color_all=\u00a0\u00bb#8457B3&Prime; global_colors_info=\u00a0\u00bb{}\u00a0\u00bb]Karim MESSEGHEM est professeur agr\u00e9g\u00e9 des Universit\u00e9s en entrepreneuriat et strat\u00e9gie \u00e0 l\u2019Universit\u00e9 de Montpellier. Fondateur de Montpellier Management et du LabEx Entreprendre, il codirige la chaire Jacques Coeur pour l\u2019accompagnement entrepreneurial. Il dirige plusieurs formations en Entrepreneuriat et programmes Executive pour des dirigeants de PME. Ses recherches men\u00e9es au sein de MRM et du LabEx Entreprendre portent sur les \u00e9cosyst\u00e8mes entrepreneuriaux et les strat\u00e9gies entrepreneuriales des PME. Il a publi\u00e9 plusieurs ouvrages et une cinquantaine d\u2019articles dans des revues nationales et internationales. Il est responsable scientifique pour la France du Global Entrepreneurship Monitor (GEM).[\/et_pb_accordion_item][\/et_pb_accordion][et_pb_text _builder_version=\u00a0\u00bb4.27.0&Prime; _module_preset=\u00a0\u00bb7262e956-c376-4aa6-9642-c413f71527d0&Prime; text_text_color=\u00a0\u00bb#181739&Prime; text_line_height=\u00a0\u00bb1.8em\u00a0\u00bb text_orientation=\u00a0\u00bbjustified\u00a0\u00bb hover_enabled=\u00a0\u00bb0&Prime; header_font_size_tablet=\u00a0\u00bb55px\u00a0\u00bb header_font_size_last_edited=\u00a0\u00bboff|desktop\u00a0\u00bb locked=\u00a0\u00bboff\u00a0\u00bb global_colors_info=\u00a0\u00bb{}\u00a0\u00bb disabled_on=\u00a0\u00bbon|on|on\u00a0\u00bb disabled=\u00a0\u00bbon\u00a0\u00bb sticky_enabled=\u00a0\u00bb0&Prime;]<\/p>\n<p><b>Intervenants<\/b><\/p>\n<p>[\/et_pb_text][et_pb_accordion open_toggle_background_color=\u00a0\u00bbRGBA(255,255,255,0)\u00a0\u00bb _builder_version=\u00a0\u00bb4.27.0&Prime; _module_preset=\u00a0\u00bbdefault\u00a0\u00bb toggle_font=\u00a0\u00bb|600|||||||\u00a0\u00bb hover_enabled=\u00a0\u00bb0&Prime; global_colors_info=\u00a0\u00bb{}\u00a0\u00bb disabled_on=\u00a0\u00bbon|on|on\u00a0\u00bb disabled=\u00a0\u00bbon\u00a0\u00bb sticky_enabled=\u00a0\u00bb0&Prime;][et_pb_accordion_item title=\u00a0\u00bbMaeva TORDO &#8211; La Boussole\u00a0\u00bb _builder_version=\u00a0\u00bb4.16&Prime; _module_preset=\u00a0\u00bbdefault\u00a0\u00bb border_color_all=\u00a0\u00bb#8457B3&Prime; global_colors_info=\u00a0\u00bb{}\u00a0\u00bb open=\u00a0\u00bbon\u00a0\u00bb]Passionn\u00e9e d\u2019innovation soci\u00e9tale, Ma\u00ebva Tordo est pionni\u00e8re dans l\u2019\u00e9mergence et l\u2019acc\u00e9l\u00e9ration d\u2019initiatives porteuses de solutions d\u2019avenir.<br \/>\nCofondatrice du NOISE, Nouvel Observatoire de l\u2019Innovation Sociale et Environnementale (www.the-noise.org), elle dynamise, relie et amplifie les r\u00e9seaux d\u2019acteurs europ\u00e9ens engag\u00e9s et s\u2019attache \u00e0 les faire conna\u00eetre par le plus grand nombre.<\/p>\n<p>Intrapreneur au sein de la Chaire Entrepreneuriat ESCP Europe (www.chaireeee.eu), elle d\u00e9veloppe la Blue Factory, un acc\u00e9l\u00e9rateur europ\u00e9en de startup innovantes et durables \u00e0 Paris, Madrid et Berlin (www.blue-factory.eu). Son r\u00eave : r\u00e9v\u00e9ler l\u2019esprit entrepreneurial et innovant de chacun, convaincue que le monde est ce que l\u2019on en fait et que nous avons tous le pouvoir et le devoir de l\u2019inventer[\/et_pb_accordion_item][et_pb_accordion_item title=\u00a0\u00bbLouis-F\u00e9lix BINETTE &#8211; Mouvement des acc\u00e9l\u00e9rateurs d\u2019innovation du Qu\u00e9bec (MAIN)\u00a0\u00bb _builder_version=\u00a0\u00bb4.16&Prime; _module_preset=\u00a0\u00bbdefault\u00a0\u00bb border_color_all=\u00a0\u00bb#8457B3&Prime; global_colors_info=\u00a0\u00bb{}\u00a0\u00bb open=\u00a0\u00bboff\u00a0\u00bb]Louis-F\u00e9lix BINETTE est membre fondateur de La MAIN, le Mouvement des acc\u00e9l\u00e9rateurs d\u2019innovation du Qu\u00e9bec et co-initiateur de Connexit\u00e9 Montr\u00e9al. Il a \u00e9t\u00e9 fondateur et h\u00f4te \u00e0 Montr\u00e9al des CreativeMornings, puis des F*ckup Nights. Il si\u00e8ge sur plusieurs conseils, dont celui de l\u2019Institut du Nouveau Monde, et pr\u00e9side celui de Travelling, qui distribue les meilleurs courts-m\u00e9trages qu\u00e9b\u00e9cois aux quatre coins du monde. Dans le cadre de ses activit\u00e9s philanthropiques, on peut le retrouver sur les planches du Centre du Th\u00e9\u00e2tre d\u2019Aujourd\u2019hui ou dans la communaut\u00e9 de Port \u00e0 Piment, en Ha\u00efti.[\/et_pb_accordion_item][et_pb_accordion_item title=\u00a0\u00bbMarie-H\u00e9l\u00e8ne GIRBAU-GRIMOIN  &#8211; IDEE\/Pro\u2019Cr\u00e9a\u00a0\u00bb open=\u00a0\u00bboff\u00a0\u00bb _builder_version=\u00a0\u00bb4.16&Prime; _module_preset=\u00a0\u00bbdefault\u00a0\u00bb border_color_all=\u00a0\u00bb#8457B3&Prime; global_colors_info=\u00a0\u00bb{}\u00a0\u00bb]<\/p>\n<p><em>Militante de la cause entrepreneuriale, Marie-H\u00e9l\u00e8ne Girbau-Grimoin a consacr\u00e9 la plus grande partie de son activit\u00e9 professionnelle \u00e0 l\u2019accompagnement et au financement des porteurs de projets de cr\u00e9ation ou de reprise. Apr\u00e8s avoir travaill\u00e9 dans le secteur bancaire et en milieu consulaire, elle a fond\u00e9 en 2016, la SAS I.D.E.E. -Innovations en D\u00e9veloppement Economique et Entrepreneuriat- pour accompagner, au sein des r\u00e9seaux d\u2019acteurs, la n\u00e9cessaire mutation de l\u2019accompagnement entrepreneurial. Elle aide ainsi les structures \u00e0 faire \u00e9voluer leurs pratiques pour mieux s\u2019adapter aux nouveaux d\u00e9fis de l\u2019entrepreneuriat et aux nouveaux profils et besoins des porteurs de projets.<\/em><\/p>\n<p><em>Int\u00e9gratrice de solutions innovantes et instigatrice d\u2019actions collectives et partenariales, elle con\u00e7oit pour le compte d\u2019acteurs priv\u00e9s ou institutionnels, des programmes ou des \u00e9v\u00e8nements dont les finalit\u00e9s sont la dynamisation de l\u2019entrepreneuriat sous toutes ses formes, le d\u00e9veloppement \u00e9conomique des territoires et\/ou la mobilisation des professionnels de l\u2019accompagnement entrepreneurial. Elle a cr\u00e9\u00e9 en 2008, Pro\u2019cr\u00e9a -le congr\u00e8s professionnel des structures d\u2019accompagnement qui reste encore aujourd\u2019hui, le seul congr\u00e8s en France, d\u00e9di\u00e9 \u00e0 cette th\u00e9matique. Marie-H\u00e9l\u00e8ne Girbau-Grimoin est dipl\u00f4m\u00e9e de Montpellier Business School, de l\u2019Institut Technique de Banque et du Cycle des Hautes Etudes pour le D\u00e9veloppement Economique.<\/em><\/p>\n<p><em>\u00a0<\/em><\/p>\n<p>[\/et_pb_accordion_item][et_pb_accordion_item title=\u00a0\u00bbLucas ARINI &#8211; CCI France\u00a0\u00bb _builder_version=\u00a0\u00bb4.16&Prime; _module_preset=\u00a0\u00bbdefault\u00a0\u00bb border_color_all=\u00a0\u00bb#8457B3&Prime; global_colors_info=\u00a0\u00bb{}\u00a0\u00bb open=\u00a0\u00bboff\u00a0\u00bb]Ancien \u00e9tudiant du Master Accompagnement Entrepreneurial de Montpellier Management o\u00f9 il \u00e9tait d\u00e9tenteur du statut national d\u2019\u00e9tudiant-entrepreneur, Lucas ARINI est d\u00e9sormais charg\u00e9 de mission Entrepreneuriat \u00e0 CCI France apr\u00e8s une premi\u00e8re exp\u00e9rience dans l\u2019accompagnement au sein du Secr\u00e9tariat g\u00e9n\u00e9ral du minist\u00e8re de l\u2019Economie, des Finances et de la Relance. <\/p>\n<p>Passionn\u00e9 par son m\u00e9tier et ayant \u00e0 c\u0153ur de servir l\u2019int\u00e9r\u00eat g\u00e9n\u00e9ral dans le domaine de l\u2019entrepreneuriat, Lucas se donne pour mission de promouvoir l\u2019esprit d\u2019entreprendre au plus grand nombre afin de rendre les individus plus entreprenants dans la vie en g\u00e9n\u00e9ral.[\/et_pb_accordion_item][\/et_pb_accordion][et_pb_button button_url=\u00a0\u00bbhttps:\/\/umontpellier-fr.zoom.us\/webinar\/register\/WN_elBR3CfORVyXxhSsD2mMhg\u00a0\u00bb button_text=\u00a0\u00bbInscription au w\u00e9binaire\u00a0\u00bb button_alignment=\u00a0\u00bbcenter\u00a0\u00bb _builder_version=\u00a0\u00bb4.27.0&Prime; _module_preset=\u00a0\u00bbec1c8900-b8c6-4613-b437-dca1263aa061&Prime; custom_button=\u00a0\u00bbon\u00a0\u00bb button_text_size=\u00a0\u00bb16px\u00a0\u00bb button_text_color=\u00a0\u00bb#FFFFFF\u00a0\u00bb button_bg_color=\u00a0\u00bb#8300E9&Prime; button_border_width=\u00a0\u00bb0px\u00a0\u00bb button_border_radius=\u00a0\u00bb0px\u00a0\u00bb button_font=\u00a0\u00bbRoboto|700|||||||\u00a0\u00bb custom_padding=\u00a0\u00bb15px|30px|15px|30px|true|true\u00a0\u00bb hover_enabled=\u00a0\u00bb0&Prime; box_shadow_style=\u00a0\u00bbpreset3&Prime; box_shadow_vertical=\u00a0\u00bb60px\u00a0\u00bb box_shadow_blur=\u00a0\u00bb60px\u00a0\u00bb box_shadow_spread=\u00a0\u00bb0px\u00a0\u00bb box_shadow_color=\u00a0\u00bbrgba(14,15,43,0.1)\u00a0\u00bb locked=\u00a0\u00bboff\u00a0\u00bb global_colors_info=\u00a0\u00bb{}\u00a0\u00bb disabled_on=\u00a0\u00bbon|on|on\u00a0\u00bb disabled=\u00a0\u00bbon\u00a0\u00bb sticky_enabled=\u00a0\u00bb0&Prime;][\/et_pb_button][et_pb_image src=\u00a0\u00bbhttps:\/\/eelab.fr\/wp-content\/uploads\/2022\/05\/webinaire_light-.pdf\u00a0\u00bb title_text=\u00a0\u00bbwebinaire_light\u00a0\u00bb align=\u00a0\u00bbcenter\u00a0\u00bb _builder_version=\u00a0\u00bb4.27.0&Prime; _module_preset=\u00a0\u00bbdefault\u00a0\u00bb hover_enabled=\u00a0\u00bb0&Prime; global_colors_info=\u00a0\u00bb{}\u00a0\u00bb disabled_on=\u00a0\u00bbon|on|on\u00a0\u00bb disabled=\u00a0\u00bbon\u00a0\u00bb sticky_enabled=\u00a0\u00bb0&Prime;][\/et_pb_image][\/et_pb_column][\/et_pb_row][\/et_pb_section]<\/p>\n","protected":false},"excerpt":{"rendered":"<p>Ce webinaire a r\u00e9uni des intervenants engag\u00e9s pour fluidifier les dynamiques entre c\u00e9dants, repreneurs et acteurs du territoire. Un enjeu crucial pour assurer la p\u00e9rennit\u00e9 de nos entreprises dans un contexte de transitions multiples. AnimateurKarim MESSEGHEM est professeur agr\u00e9g\u00e9 des Universit\u00e9s en entrepreneuriat et strat\u00e9gie \u00e0 l\u2019Universit\u00e9 de Montpellier. Fondateur de Montpellier Management et du [&hellip;]<\/p>\n","protected":false},"author":1,"featured_media":0,"comment_status":"closed","ping_status":"closed","sticky":false,"template":"","format":"standard","meta":{"_et_pb_use_builder":"on","_et_pb_old_content":"","_et_gb_content_width":"2880","footnotes":""},"categories":[10],"tags":[],"class_list":["post-1450","post","type-post","status-publish","format-standard","hentry","category-webinaire"],"yoast_head":"<!-- This site is optimized with the Yoast SEO plugin v23.4 - https:\/\/yoast.com\/wordpress\/plugins\/seo\/ -->\n<title>\u00c9cosyst\u00e8me de la transmission-reprise : Regards crois\u00e9s - 06.2025 - Entrepreneurial Ecosystem Lab<\/title>\n<meta name=\"robots\" content=\"index, follow, max-snippet:-1, max-image-preview:large, max-video-preview:-1\" \/>\n<link rel=\"canonical\" href=\"https:\/\/eelab.fr\/?p=1450\" \/>\n<meta property=\"og:locale\" content=\"fr_FR\" \/>\n<meta property=\"og:type\" content=\"article\" \/>\n<meta property=\"og:title\" content=\"\u00c9cosyst\u00e8me de la transmission-reprise : Regards crois\u00e9s - 06.2025 - Entrepreneurial Ecosystem Lab\" \/>\n<meta property=\"og:description\" content=\"Ce webinaire a r\u00e9uni des intervenants engag\u00e9s pour fluidifier les dynamiques entre c\u00e9dants, repreneurs et acteurs du territoire. Un enjeu crucial pour assurer la p\u00e9rennit\u00e9 de nos entreprises dans un contexte de transitions multiples. AnimateurKarim MESSEGHEM est professeur agr\u00e9g\u00e9 des Universit\u00e9s en entrepreneuriat et strat\u00e9gie \u00e0 l\u2019Universit\u00e9 de Montpellier. Fondateur de Montpellier Management et du [&hellip;]\" \/>\n<meta property=\"og:url\" content=\"https:\/\/eelab.fr\/?p=1450\" \/>\n<meta property=\"og:site_name\" content=\"Entrepreneurial Ecosystem Lab\" \/>\n<meta property=\"article:published_time\" content=\"2025-09-25T09:50:47+00:00\" \/>\n<meta property=\"article:modified_time\" content=\"2025-09-25T09:52:23+00:00\" \/>\n<meta name=\"author\" content=\"admin2022\" \/>\n<meta name=\"twitter:card\" content=\"summary_large_image\" \/>\n<meta name=\"twitter:label1\" content=\"\u00c9crit par\" \/>\n\t<meta name=\"twitter:data1\" content=\"admin2022\" \/>\n\t<meta name=\"twitter:label2\" content=\"Dur\u00e9e de lecture estim\u00e9e\" \/>\n\t<meta name=\"twitter:data2\" content=\"5 minutes\" \/>\n<script type=\"application\/ld+json\" class=\"yoast-schema-graph\">{\"@context\":\"https:\/\/schema.org\",\"@graph\":[{\"@type\":\"WebPage\",\"@id\":\"https:\/\/eelab.fr\/?p=1450\",\"url\":\"https:\/\/eelab.fr\/?p=1450\",\"name\":\"\u00c9cosyst\u00e8me de la transmission-reprise : Regards crois\u00e9s - 06.2025 - Entrepreneurial Ecosystem Lab\",\"isPartOf\":{\"@id\":\"https:\/\/eelab.fr\/#website\"},\"datePublished\":\"2025-09-25T09:50:47+00:00\",\"dateModified\":\"2025-09-25T09:52:23+00:00\",\"author\":{\"@id\":\"https:\/\/eelab.fr\/#\/schema\/person\/2f24cdc0f46bac0771f78ddfcaa649ab\"},\"breadcrumb\":{\"@id\":\"https:\/\/eelab.fr\/?p=1450#breadcrumb\"},\"inLanguage\":\"fr-FR\",\"potentialAction\":[{\"@type\":\"ReadAction\",\"target\":[\"https:\/\/eelab.fr\/?p=1450\"]}]},{\"@type\":\"BreadcrumbList\",\"@id\":\"https:\/\/eelab.fr\/?p=1450#breadcrumb\",\"itemListElement\":[{\"@type\":\"ListItem\",\"position\":1,\"name\":\"Home\",\"item\":\"https:\/\/eelab.fr\/\"},{\"@type\":\"ListItem\",\"position\":2,\"name\":\"\u00c9cosyst\u00e8me de la transmission-reprise : Regards crois\u00e9s &#8211; 06.2025\"}]},{\"@type\":\"WebSite\",\"@id\":\"https:\/\/eelab.fr\/#website\",\"url\":\"https:\/\/eelab.fr\/\",\"name\":\"Entrepreneurial Ecosystem Lab\",\"description\":\"Un espace d\u2019\u00e9change sur l\u2019entrepreneuriat et son accompagnement\",\"potentialAction\":[{\"@type\":\"SearchAction\",\"target\":{\"@type\":\"EntryPoint\",\"urlTemplate\":\"https:\/\/eelab.fr\/?s={search_term_string}\"},\"query-input\":{\"@type\":\"PropertyValueSpecification\",\"valueRequired\":true,\"valueName\":\"search_term_string\"}}],\"inLanguage\":\"fr-FR\"},{\"@type\":\"Person\",\"@id\":\"https:\/\/eelab.fr\/#\/schema\/person\/2f24cdc0f46bac0771f78ddfcaa649ab\",\"name\":\"admin2022\",\"image\":{\"@type\":\"ImageObject\",\"inLanguage\":\"fr-FR\",\"@id\":\"https:\/\/eelab.fr\/#\/schema\/person\/image\/\",\"url\":\"https:\/\/secure.gravatar.com\/avatar\/dd2a224573b0945560f7e5f18273d41c?s=96&d=mm&r=g\",\"contentUrl\":\"https:\/\/secure.gravatar.com\/avatar\/dd2a224573b0945560f7e5f18273d41c?s=96&d=mm&r=g\",\"caption\":\"admin2022\"},\"sameAs\":[\"https:\/\/eelab.fr\/wordpress\"],\"url\":\"https:\/\/eelab.fr\/?author=1\"}]}<\/script>\n<!-- \/ Yoast SEO plugin. -->","yoast_head_json":{"title":"\u00c9cosyst\u00e8me de la transmission-reprise : Regards crois\u00e9s - 06.2025 - Entrepreneurial Ecosystem Lab","robots":{"index":"index","follow":"follow","max-snippet":"max-snippet:-1","max-image-preview":"max-image-preview:large","max-video-preview":"max-video-preview:-1"},"canonical":"https:\/\/eelab.fr\/?p=1450","og_locale":"fr_FR","og_type":"article","og_title":"\u00c9cosyst\u00e8me de la transmission-reprise : Regards crois\u00e9s - 06.2025 - Entrepreneurial Ecosystem Lab","og_description":"Ce webinaire a r\u00e9uni des intervenants engag\u00e9s pour fluidifier les dynamiques entre c\u00e9dants, repreneurs et acteurs du territoire. Un enjeu crucial pour assurer la p\u00e9rennit\u00e9 de nos entreprises dans un contexte de transitions multiples. AnimateurKarim MESSEGHEM est professeur agr\u00e9g\u00e9 des Universit\u00e9s en entrepreneuriat et strat\u00e9gie \u00e0 l\u2019Universit\u00e9 de Montpellier. Fondateur de Montpellier Management et du [&hellip;]","og_url":"https:\/\/eelab.fr\/?p=1450","og_site_name":"Entrepreneurial Ecosystem Lab","article_published_time":"2025-09-25T09:50:47+00:00","article_modified_time":"2025-09-25T09:52:23+00:00","author":"admin2022","twitter_card":"summary_large_image","twitter_misc":{"\u00c9crit par":"admin2022","Dur\u00e9e de lecture estim\u00e9e":"5 minutes"},"schema":{"@context":"https:\/\/schema.org","@graph":[{"@type":"WebPage","@id":"https:\/\/eelab.fr\/?p=1450","url":"https:\/\/eelab.fr\/?p=1450","name":"\u00c9cosyst\u00e8me de la transmission-reprise : Regards crois\u00e9s - 06.2025 - Entrepreneurial Ecosystem Lab","isPartOf":{"@id":"https:\/\/eelab.fr\/#website"},"datePublished":"2025-09-25T09:50:47+00:00","dateModified":"2025-09-25T09:52:23+00:00","author":{"@id":"https:\/\/eelab.fr\/#\/schema\/person\/2f24cdc0f46bac0771f78ddfcaa649ab"},"breadcrumb":{"@id":"https:\/\/eelab.fr\/?p=1450#breadcrumb"},"inLanguage":"fr-FR","potentialAction":[{"@type":"ReadAction","target":["https:\/\/eelab.fr\/?p=1450"]}]},{"@type":"BreadcrumbList","@id":"https:\/\/eelab.fr\/?p=1450#breadcrumb","itemListElement":[{"@type":"ListItem","position":1,"name":"Home","item":"https:\/\/eelab.fr\/"},{"@type":"ListItem","position":2,"name":"\u00c9cosyst\u00e8me de la transmission-reprise : Regards crois\u00e9s &#8211; 06.2025"}]},{"@type":"WebSite","@id":"https:\/\/eelab.fr\/#website","url":"https:\/\/eelab.fr\/","name":"Entrepreneurial Ecosystem Lab","description":"Un espace d\u2019\u00e9change sur l\u2019entrepreneuriat et son accompagnement","potentialAction":[{"@type":"SearchAction","target":{"@type":"EntryPoint","urlTemplate":"https:\/\/eelab.fr\/?s={search_term_string}"},"query-input":{"@type":"PropertyValueSpecification","valueRequired":true,"valueName":"search_term_string"}}],"inLanguage":"fr-FR"},{"@type":"Person","@id":"https:\/\/eelab.fr\/#\/schema\/person\/2f24cdc0f46bac0771f78ddfcaa649ab","name":"admin2022","image":{"@type":"ImageObject","inLanguage":"fr-FR","@id":"https:\/\/eelab.fr\/#\/schema\/person\/image\/","url":"https:\/\/secure.gravatar.com\/avatar\/dd2a224573b0945560f7e5f18273d41c?s=96&d=mm&r=g","contentUrl":"https:\/\/secure.gravatar.com\/avatar\/dd2a224573b0945560f7e5f18273d41c?s=96&d=mm&r=g","caption":"admin2022"},"sameAs":["https:\/\/eelab.fr\/wordpress"],"url":"https:\/\/eelab.fr\/?author=1"}]}},"_links":{"self":[{"href":"https:\/\/eelab.fr\/index.php?rest_route=\/wp\/v2\/posts\/1450","targetHints":{"allow":["GET"]}}],"collection":[{"href":"https:\/\/eelab.fr\/index.php?rest_route=\/wp\/v2\/posts"}],"about":[{"href":"https:\/\/eelab.fr\/index.php?rest_route=\/wp\/v2\/types\/post"}],"author":[{"embeddable":true,"href":"https:\/\/eelab.fr\/index.php?rest_route=\/wp\/v2\/users\/1"}],"replies":[{"embeddable":true,"href":"https:\/\/eelab.fr\/index.php?rest_route=%2Fwp%2Fv2%2Fcomments&post=1450"}],"version-history":[{"count":2,"href":"https:\/\/eelab.fr\/index.php?rest_route=\/wp\/v2\/posts\/1450\/revisions"}],"predecessor-version":[{"id":1455,"href":"https:\/\/eelab.fr\/index.php?rest_route=\/wp\/v2\/posts\/1450\/revisions\/1455"}],"wp:attachment":[{"href":"https:\/\/eelab.fr\/index.php?rest_route=%2Fwp%2Fv2%2Fmedia&parent=1450"}],"wp:term":[{"taxonomy":"category","embeddable":true,"href":"https:\/\/eelab.fr\/index.php?rest_route=%2Fwp%2Fv2%2Fcategories&post=1450"},{"taxonomy":"post_tag","embeddable":true,"href":"https:\/\/eelab.fr\/index.php?rest_route=%2Fwp%2Fv2%2Ftags&post=1450"}],"curies":[{"name":"wp","href":"https:\/\/api.w.org\/{rel}","templated":true}]}}