{"id":1118,"date":"2024-01-26T11:01:12","date_gmt":"2024-01-26T11:01:12","guid":{"rendered":"https:\/\/eelab.fr\/?p=1118"},"modified":"2024-02-09T16:38:39","modified_gmt":"2024-02-09T16:38:39","slug":"developpons-lentrepreneuriat-dans-les-territoires-grace-a-leconomie-sociale-et-solidaire-31-01-24","status":"publish","type":"post","link":"https:\/\/eelab.fr\/?p=1118","title":{"rendered":"D\u00e9veloppons l\u2019entrepreneuriat dans les territoires gr\u00e2ce \u00e0 l\u2019\u00c9conomie Sociale et Solidaire\u00a0 &#8211; 31.01.24"},"content":{"rendered":"<p>[et_pb_section fb_built=\u00a0\u00bb1&Prime; admin_label=\u00a0\u00bbAbout\u00a0\u00bb _builder_version=\u00a0\u00bb4.14.8&Prime; _module_preset=\u00a0\u00bbdefault\u00a0\u00bb background_color=\u00a0\u00bb#181739&Prime; background_image=\u00a0\u00bbhttps:\/\/eelab.fr\/wp-content\/uploads\/2022\/05\/background_blur1-scaled.jpg\u00a0\u00bb custom_padding=\u00a0\u00bb||81px||false|false\u00a0\u00bb bottom_divider_style=\u00a0\u00bbasymmetric2&Prime; bottom_divider_color=\u00a0\u00bb#FFFFFF\u00a0\u00bb bottom_divider_flip=\u00a0\u00bbhorizontal\u00a0\u00bb locked=\u00a0\u00bboff\u00a0\u00bb global_colors_info=\u00a0\u00bb{}\u00a0\u00bb][et_pb_row _builder_version=\u00a0\u00bb4.14.8&Prime; _module_preset=\u00a0\u00bbdefault\u00a0\u00bb custom_padding=\u00a0\u00bb100px|||||\u00a0\u00bb global_colors_info=\u00a0\u00bb{}\u00a0\u00bb][et_pb_column type=\u00a0\u00bb4_4&Prime; _builder_version=\u00a0\u00bb4.14.8&Prime; _module_preset=\u00a0\u00bbdefault\u00a0\u00bb global_colors_info=\u00a0\u00bb{}\u00a0\u00bb][et_pb_post_title meta=\u00a0\u00bboff\u00a0\u00bb featured_image=\u00a0\u00bboff\u00a0\u00bb _builder_version=\u00a0\u00bb4.14.8&Prime; _module_preset=\u00a0\u00bbdefault\u00a0\u00bb title_font=\u00a0\u00bb|700|||||||\u00a0\u00bb title_text_color=\u00a0\u00bb#FFFFFF\u00a0\u00bb title_font_size=\u00a0\u00bb49px\u00a0\u00bb meta_text_color=\u00a0\u00bb#FFFFFF\u00a0\u00bb global_colors_info=\u00a0\u00bb{}\u00a0\u00bb][\/et_pb_post_title][\/et_pb_column][\/et_pb_row][\/et_pb_section][et_pb_section fb_built=\u00a0\u00bb1&Prime; admin_label=\u00a0\u00bbHistory\u00a0\u00bb _builder_version=\u00a0\u00bb4.14.8&Prime; _module_preset=\u00a0\u00bbdefault\u00a0\u00bb background_image=\u00a0\u00bbhttps:\/\/eelab.fr\/wp-content\/uploads\/2022\/05\/star_bg2.png\u00a0\u00bb background_position=\u00a0\u00bbtop_left\u00a0\u00bb custom_margin=\u00a0\u00bb||-50px||false|false\u00a0\u00bb custom_padding=\u00a0\u00bb||150px||false|false\u00a0\u00bb global_colors_info=\u00a0\u00bb{}\u00a0\u00bb][et_pb_row _builder_version=\u00a0\u00bb4.10.6&Prime; _module_preset=\u00a0\u00bbdefault\u00a0\u00bb global_colors_info=\u00a0\u00bb{}\u00a0\u00bb][et_pb_column type=\u00a0\u00bb4_4&Prime; _builder_version=\u00a0\u00bb4.10.6&Prime; _module_preset=\u00a0\u00bbdefault\u00a0\u00bb global_colors_info=\u00a0\u00bb{}\u00a0\u00bb][et_pb_text _builder_version=\u00a0\u00bb4.14.8&Prime; _module_preset=\u00a0\u00bb7262e956-c376-4aa6-9642-c413f71527d0&Prime; text_text_color=\u00a0\u00bb#181739&Prime; text_line_height=\u00a0\u00bb1.8em\u00a0\u00bb text_orientation=\u00a0\u00bbjustified\u00a0\u00bb header_font_size_tablet=\u00a0\u00bb55px\u00a0\u00bb header_font_size_last_edited=\u00a0\u00bboff|desktop\u00a0\u00bb locked=\u00a0\u00bboff\u00a0\u00bb global_colors_info=\u00a0\u00bb{}\u00a0\u00bb]<\/p>\n<p style=\"font-weight: 400;\"><strong>D\u00e9veloppons l\u2019entrepreneuriat dans les territoires gr\u00e2ce \u00e0 l\u2019\u00c9conomie Sociale et Solidaire<\/strong><strong><\/strong><\/p>\n<p style=\"font-weight: 400;\">L\u2019\u00e9conomie sociale et solidaire s\u2019impose d\u2019un point de vue \u00e9conomique en raison de sa contribution au d\u00e9veloppement de la richesse et de l\u2019emploi. C\u2019est particuli\u00e8rement vrai en France ou au Canada o\u00f9 l\u2019ESS repr\u00e9sente environ 10% du PIB. Ses valeurs, bas\u00e9es sur un principe d\u00e9mocratique et participatif, une prise en compte des parties prenantes, et une r\u00e9partition juste des profits, se diffusent dans le monde des affaires. Pour autant, le monde de l\u2019entrepreneuriat et en particulier l\u2019univers des start-up suscitent aujourd\u2019hui de r\u00e9els d\u00e9bats sur la diversit\u00e9, la r\u00e9partition de la valeur, les cons\u00e9quences environnementales, ou les d\u00e9rives dans les modes de gouvernance et de management. Les \u00e9cosyst\u00e8mes entrepreneuriaux dans les territoires doivent \u00eatre repens\u00e9s pour \u00eatre davantage inclusifs et soutenables. Dans quelle mesure l\u2019ESS peut-elle contribuer \u00e0 relever ces d\u00e9fis ? Dix ans apr\u00e8s la loi relative \u00e0 l&rsquo;\u00e9conomie sociale et solidaire en France, dite loi Hamon, quel bilan sur la transformation des \u00e9cosyst\u00e8mes entrepreneuriaux ? Comment l\u2019\u00e9conomie conventionnelle s\u2019approprie-t-elle ce mod\u00e8le ? Ce mod\u00e8le est-il universel ou faut-il l\u2019adapter aux territoires ? L\u2019ESS peut-elle contribuer \u00e0 rendre les \u00e9cosyst\u00e8mes plus inclusifs et soutenables ? Comment accompagner le d\u00e9veloppement de l\u2019entrepreneuriat dans les territoires gr\u00e2ce \u00e0 l\u2019\u00c9conomie Sociale et Solidaire ?<\/p>\n<p style=\"font-weight: 400;\">Ce webinaire, organis\u00e9 par la Fondation MMA des Entrepreneurs du Futur et l\u2019Entrepreneurial Ecosystem Lab du Labex Entreprendre, a pour objectif de r\u00e9pondre \u00e0 ces questions en croisant les regards de chercheurs et de praticiens, fran\u00e7ais et canadiens, ainsi que d&rsquo;acteurs de terrain et de r\u00e9seaux nationaux.<\/p>\n<p style=\"font-weight: 400;\">\u00a0<\/p>\n<p style=\"font-weight: 400;\"><strong>Intervenants<\/strong><\/p>\n<p style=\"font-weight: 400;\">Fatima BELLAREDJ &#8211; D\u00e9l\u00e9gu\u00e9e g\u00e9n\u00e9rale Conf\u00e9d\u00e9ration g\u00e9n\u00e9rale des SCOP et des SCIC<\/p>\n<p style=\"font-weight: 400;\">Sylvie BONELLO &#8211; D\u00e9l\u00e9gu\u00e9e G\u00e9n\u00e9rale de la Fondation MMA des Entrepreneurs du Futur<\/p>\n<p style=\"font-weight: 400;\">Karim MESSEGHEM \u2013 Professeur d\u2019Universit\u00e9 et directeur de l\u2019Entrepreneurial Ecosystem Lab<\/p>\n<p style=\"font-weight: 400;\">Mireille PELCHAT &#8211; Conseill\u00e8re \u00e0 la concertation et \u00e0 la vie associative Chantier de l\u2019\u00e9conomie sociale<\/p>\n<p style=\"font-weight: 400;\">Jos\u00e9pha PORET &#8211; Directrice de\u00a0Ronalpia et Co-pr\u00e9sidente du KIIF<\/p>\n<p>[\/et_pb_text][et_pb_button button_url=\u00a0\u00bbhttps:\/\/umontpellier-fr.zoom.us\/webinar\/register\/WN_sfYzP-9eS3SJA17IdAl5bw#\/registration\u00a0\u00bb button_text=\u00a0\u00bbS&rsquo;inscrire au webinaire \u00a0\u00bb button_alignment=\u00a0\u00bbcenter\u00a0\u00bb _builder_version=\u00a0\u00bb4.14.8&Prime; _module_preset=\u00a0\u00bbec1c8900-b8c6-4613-b437-dca1263aa061&Prime; custom_button=\u00a0\u00bbon\u00a0\u00bb button_text_size=\u00a0\u00bb16px\u00a0\u00bb button_text_color=\u00a0\u00bb#FFFFFF\u00a0\u00bb button_bg_color=\u00a0\u00bb#8300E9&Prime; button_border_width=\u00a0\u00bb0px\u00a0\u00bb button_border_radius=\u00a0\u00bb0px\u00a0\u00bb button_font=\u00a0\u00bbRoboto|700|||||||\u00a0\u00bb custom_padding=\u00a0\u00bb15px|30px|15px|30px|true|true\u00a0\u00bb hover_enabled=\u00a0\u00bb0&Prime; box_shadow_style=\u00a0\u00bbpreset3&Prime; box_shadow_vertical=\u00a0\u00bb60px\u00a0\u00bb box_shadow_blur=\u00a0\u00bb60px\u00a0\u00bb box_shadow_spread=\u00a0\u00bb0px\u00a0\u00bb box_shadow_color=\u00a0\u00bbrgba(14,15,43,0.1)\u00a0\u00bb locked=\u00a0\u00bboff\u00a0\u00bb global_colors_info=\u00a0\u00bb{}\u00a0\u00bb disabled_on=\u00a0\u00bbon|on|on\u00a0\u00bb disabled=\u00a0\u00bbon\u00a0\u00bb sticky_enabled=\u00a0\u00bb0&Prime;][\/et_pb_button][et_pb_image src=\u00a0\u00bbhttps:\/\/eelab.fr\/wp-content\/uploads\/2024\/01\/image.png\u00a0\u00bb title_text=\u00a0\u00bbimage\u00a0\u00bb align=\u00a0\u00bbcenter\u00a0\u00bb disabled_on=\u00a0\u00bboff|off|off\u00a0\u00bb _builder_version=\u00a0\u00bb4.14.8&Prime; _module_preset=\u00a0\u00bbdefault\u00a0\u00bb width=\u00a0\u00bb700px\u00a0\u00bb module_alignment=\u00a0\u00bbcenter\u00a0\u00bb global_colors_info=\u00a0\u00bb{}\u00a0\u00bb][\/et_pb_image][et_pb_video src=\u00a0\u00bbhttps:\/\/youtu.be\/cwfPqKcbOxk\u00a0\u00bb _builder_version=\u00a0\u00bb4.14.8&Prime; _module_preset=\u00a0\u00bbdefault\u00a0\u00bb width=\u00a0\u00bb100%\u00a0\u00bb box_shadow_style=\u00a0\u00bbpreset1&Prime; locked=\u00a0\u00bboff\u00a0\u00bb global_colors_info=\u00a0\u00bb{}\u00a0\u00bb][\/et_pb_video][\/et_pb_column][\/et_pb_row][\/et_pb_section]<\/p>\n","protected":false},"excerpt":{"rendered":"<p>D\u00e9veloppons l\u2019entrepreneuriat dans les territoires gr\u00e2ce \u00e0 l\u2019\u00c9conomie Sociale et Solidaire L\u2019\u00e9conomie sociale et solidaire s\u2019impose d\u2019un point de vue \u00e9conomique en raison de sa contribution au d\u00e9veloppement de la richesse et de l\u2019emploi. C\u2019est particuli\u00e8rement vrai en France ou au Canada o\u00f9 l\u2019ESS repr\u00e9sente environ 10% du PIB. Ses valeurs, bas\u00e9es sur un principe [&hellip;]<\/p>\n","protected":false},"author":1,"featured_media":0,"comment_status":"closed","ping_status":"closed","sticky":false,"template":"","format":"standard","meta":{"_et_pb_use_builder":"on","_et_pb_old_content":"","_et_gb_content_width":"2880","footnotes":""},"categories":[10],"tags":[],"class_list":["post-1118","post","type-post","status-publish","format-standard","hentry","category-webinaire"],"yoast_head":"<!-- This site is optimized with the Yoast SEO plugin v23.4 - https:\/\/yoast.com\/wordpress\/plugins\/seo\/ -->\n<title>D\u00e9veloppons l\u2019entrepreneuriat dans les territoires gr\u00e2ce \u00e0 l\u2019\u00c9conomie Sociale et Solidaire\u00a0 - 31.01.24 - Entrepreneurial Ecosystem Lab<\/title>\n<meta name=\"robots\" content=\"index, follow, max-snippet:-1, max-image-preview:large, max-video-preview:-1\" \/>\n<link rel=\"canonical\" href=\"https:\/\/eelab.fr\/?p=1118\" \/>\n<meta property=\"og:locale\" content=\"fr_FR\" \/>\n<meta property=\"og:type\" content=\"article\" \/>\n<meta property=\"og:title\" content=\"D\u00e9veloppons l\u2019entrepreneuriat dans les territoires gr\u00e2ce \u00e0 l\u2019\u00c9conomie Sociale et Solidaire\u00a0 - 31.01.24 - Entrepreneurial Ecosystem Lab\" \/>\n<meta property=\"og:description\" content=\"D\u00e9veloppons l\u2019entrepreneuriat dans les territoires gr\u00e2ce \u00e0 l\u2019\u00c9conomie Sociale et Solidaire L\u2019\u00e9conomie sociale et solidaire s\u2019impose d\u2019un point de vue \u00e9conomique en raison de sa contribution au d\u00e9veloppement de la richesse et de l\u2019emploi. C\u2019est particuli\u00e8rement vrai en France ou au Canada o\u00f9 l\u2019ESS repr\u00e9sente environ 10% du PIB. Ses valeurs, bas\u00e9es sur un principe [&hellip;]\" \/>\n<meta property=\"og:url\" content=\"https:\/\/eelab.fr\/?p=1118\" \/>\n<meta property=\"og:site_name\" content=\"Entrepreneurial Ecosystem Lab\" \/>\n<meta property=\"article:published_time\" content=\"2024-01-26T11:01:12+00:00\" \/>\n<meta property=\"article:modified_time\" content=\"2024-02-09T16:38:39+00:00\" \/>\n<meta name=\"author\" content=\"admin2022\" \/>\n<meta name=\"twitter:card\" content=\"summary_large_image\" \/>\n<meta name=\"twitter:label1\" content=\"\u00c9crit par\" \/>\n\t<meta name=\"twitter:data1\" content=\"admin2022\" \/>\n\t<meta name=\"twitter:label2\" content=\"Dur\u00e9e de lecture estim\u00e9e\" \/>\n\t<meta name=\"twitter:data2\" content=\"3 minutes\" \/>\n<script type=\"application\/ld+json\" class=\"yoast-schema-graph\">{\"@context\":\"https:\/\/schema.org\",\"@graph\":[{\"@type\":\"WebPage\",\"@id\":\"https:\/\/eelab.fr\/?p=1118\",\"url\":\"https:\/\/eelab.fr\/?p=1118\",\"name\":\"D\u00e9veloppons l\u2019entrepreneuriat dans les territoires gr\u00e2ce \u00e0 l\u2019\u00c9conomie Sociale et Solidaire\u00a0 - 31.01.24 - Entrepreneurial Ecosystem Lab\",\"isPartOf\":{\"@id\":\"https:\/\/eelab.fr\/#website\"},\"datePublished\":\"2024-01-26T11:01:12+00:00\",\"dateModified\":\"2024-02-09T16:38:39+00:00\",\"author\":{\"@id\":\"https:\/\/eelab.fr\/#\/schema\/person\/2f24cdc0f46bac0771f78ddfcaa649ab\"},\"breadcrumb\":{\"@id\":\"https:\/\/eelab.fr\/?p=1118#breadcrumb\"},\"inLanguage\":\"fr-FR\",\"potentialAction\":[{\"@type\":\"ReadAction\",\"target\":[\"https:\/\/eelab.fr\/?p=1118\"]}]},{\"@type\":\"BreadcrumbList\",\"@id\":\"https:\/\/eelab.fr\/?p=1118#breadcrumb\",\"itemListElement\":[{\"@type\":\"ListItem\",\"position\":1,\"name\":\"Home\",\"item\":\"https:\/\/eelab.fr\/\"},{\"@type\":\"ListItem\",\"position\":2,\"name\":\"D\u00e9veloppons l\u2019entrepreneuriat dans les territoires gr\u00e2ce \u00e0 l\u2019\u00c9conomie Sociale et Solidaire\u00a0 &#8211; 31.01.24\"}]},{\"@type\":\"WebSite\",\"@id\":\"https:\/\/eelab.fr\/#website\",\"url\":\"https:\/\/eelab.fr\/\",\"name\":\"Entrepreneurial Ecosystem Lab\",\"description\":\"Un espace d\u2019\u00e9change sur l\u2019entrepreneuriat et son accompagnement\",\"potentialAction\":[{\"@type\":\"SearchAction\",\"target\":{\"@type\":\"EntryPoint\",\"urlTemplate\":\"https:\/\/eelab.fr\/?s={search_term_string}\"},\"query-input\":{\"@type\":\"PropertyValueSpecification\",\"valueRequired\":true,\"valueName\":\"search_term_string\"}}],\"inLanguage\":\"fr-FR\"},{\"@type\":\"Person\",\"@id\":\"https:\/\/eelab.fr\/#\/schema\/person\/2f24cdc0f46bac0771f78ddfcaa649ab\",\"name\":\"admin2022\",\"image\":{\"@type\":\"ImageObject\",\"inLanguage\":\"fr-FR\",\"@id\":\"https:\/\/eelab.fr\/#\/schema\/person\/image\/\",\"url\":\"https:\/\/secure.gravatar.com\/avatar\/dd2a224573b0945560f7e5f18273d41c?s=96&d=mm&r=g\",\"contentUrl\":\"https:\/\/secure.gravatar.com\/avatar\/dd2a224573b0945560f7e5f18273d41c?s=96&d=mm&r=g\",\"caption\":\"admin2022\"},\"sameAs\":[\"https:\/\/eelab.fr\/wordpress\"],\"url\":\"https:\/\/eelab.fr\/?author=1\"}]}<\/script>\n<!-- \/ Yoast SEO plugin. -->","yoast_head_json":{"title":"D\u00e9veloppons l\u2019entrepreneuriat dans les territoires gr\u00e2ce \u00e0 l\u2019\u00c9conomie Sociale et Solidaire\u00a0 - 31.01.24 - Entrepreneurial Ecosystem Lab","robots":{"index":"index","follow":"follow","max-snippet":"max-snippet:-1","max-image-preview":"max-image-preview:large","max-video-preview":"max-video-preview:-1"},"canonical":"https:\/\/eelab.fr\/?p=1118","og_locale":"fr_FR","og_type":"article","og_title":"D\u00e9veloppons l\u2019entrepreneuriat dans les territoires gr\u00e2ce \u00e0 l\u2019\u00c9conomie Sociale et Solidaire\u00a0 - 31.01.24 - Entrepreneurial Ecosystem Lab","og_description":"D\u00e9veloppons l\u2019entrepreneuriat dans les territoires gr\u00e2ce \u00e0 l\u2019\u00c9conomie Sociale et Solidaire L\u2019\u00e9conomie sociale et solidaire s\u2019impose d\u2019un point de vue \u00e9conomique en raison de sa contribution au d\u00e9veloppement de la richesse et de l\u2019emploi. C\u2019est particuli\u00e8rement vrai en France ou au Canada o\u00f9 l\u2019ESS repr\u00e9sente environ 10% du PIB. Ses valeurs, bas\u00e9es sur un principe [&hellip;]","og_url":"https:\/\/eelab.fr\/?p=1118","og_site_name":"Entrepreneurial Ecosystem Lab","article_published_time":"2024-01-26T11:01:12+00:00","article_modified_time":"2024-02-09T16:38:39+00:00","author":"admin2022","twitter_card":"summary_large_image","twitter_misc":{"\u00c9crit par":"admin2022","Dur\u00e9e de lecture estim\u00e9e":"3 minutes"},"schema":{"@context":"https:\/\/schema.org","@graph":[{"@type":"WebPage","@id":"https:\/\/eelab.fr\/?p=1118","url":"https:\/\/eelab.fr\/?p=1118","name":"D\u00e9veloppons l\u2019entrepreneuriat dans les territoires gr\u00e2ce \u00e0 l\u2019\u00c9conomie Sociale et Solidaire\u00a0 - 31.01.24 - Entrepreneurial Ecosystem Lab","isPartOf":{"@id":"https:\/\/eelab.fr\/#website"},"datePublished":"2024-01-26T11:01:12+00:00","dateModified":"2024-02-09T16:38:39+00:00","author":{"@id":"https:\/\/eelab.fr\/#\/schema\/person\/2f24cdc0f46bac0771f78ddfcaa649ab"},"breadcrumb":{"@id":"https:\/\/eelab.fr\/?p=1118#breadcrumb"},"inLanguage":"fr-FR","potentialAction":[{"@type":"ReadAction","target":["https:\/\/eelab.fr\/?p=1118"]}]},{"@type":"BreadcrumbList","@id":"https:\/\/eelab.fr\/?p=1118#breadcrumb","itemListElement":[{"@type":"ListItem","position":1,"name":"Home","item":"https:\/\/eelab.fr\/"},{"@type":"ListItem","position":2,"name":"D\u00e9veloppons l\u2019entrepreneuriat dans les territoires gr\u00e2ce \u00e0 l\u2019\u00c9conomie Sociale et Solidaire\u00a0 &#8211; 31.01.24"}]},{"@type":"WebSite","@id":"https:\/\/eelab.fr\/#website","url":"https:\/\/eelab.fr\/","name":"Entrepreneurial Ecosystem Lab","description":"Un espace d\u2019\u00e9change sur l\u2019entrepreneuriat et son accompagnement","potentialAction":[{"@type":"SearchAction","target":{"@type":"EntryPoint","urlTemplate":"https:\/\/eelab.fr\/?s={search_term_string}"},"query-input":{"@type":"PropertyValueSpecification","valueRequired":true,"valueName":"search_term_string"}}],"inLanguage":"fr-FR"},{"@type":"Person","@id":"https:\/\/eelab.fr\/#\/schema\/person\/2f24cdc0f46bac0771f78ddfcaa649ab","name":"admin2022","image":{"@type":"ImageObject","inLanguage":"fr-FR","@id":"https:\/\/eelab.fr\/#\/schema\/person\/image\/","url":"https:\/\/secure.gravatar.com\/avatar\/dd2a224573b0945560f7e5f18273d41c?s=96&d=mm&r=g","contentUrl":"https:\/\/secure.gravatar.com\/avatar\/dd2a224573b0945560f7e5f18273d41c?s=96&d=mm&r=g","caption":"admin2022"},"sameAs":["https:\/\/eelab.fr\/wordpress"],"url":"https:\/\/eelab.fr\/?author=1"}]}},"_links":{"self":[{"href":"https:\/\/eelab.fr\/index.php?rest_route=\/wp\/v2\/posts\/1118","targetHints":{"allow":["GET"]}}],"collection":[{"href":"https:\/\/eelab.fr\/index.php?rest_route=\/wp\/v2\/posts"}],"about":[{"href":"https:\/\/eelab.fr\/index.php?rest_route=\/wp\/v2\/types\/post"}],"author":[{"embeddable":true,"href":"https:\/\/eelab.fr\/index.php?rest_route=\/wp\/v2\/users\/1"}],"replies":[{"embeddable":true,"href":"https:\/\/eelab.fr\/index.php?rest_route=%2Fwp%2Fv2%2Fcomments&post=1118"}],"version-history":[{"count":3,"href":"https:\/\/eelab.fr\/index.php?rest_route=\/wp\/v2\/posts\/1118\/revisions"}],"predecessor-version":[{"id":1138,"href":"https:\/\/eelab.fr\/index.php?rest_route=\/wp\/v2\/posts\/1118\/revisions\/1138"}],"wp:attachment":[{"href":"https:\/\/eelab.fr\/index.php?rest_route=%2Fwp%2Fv2%2Fmedia&parent=1118"}],"wp:term":[{"taxonomy":"category","embeddable":true,"href":"https:\/\/eelab.fr\/index.php?rest_route=%2Fwp%2Fv2%2Fcategories&post=1118"},{"taxonomy":"post_tag","embeddable":true,"href":"https:\/\/eelab.fr\/index.php?rest_route=%2Fwp%2Fv2%2Ftags&post=1118"}],"curies":[{"name":"wp","href":"https:\/\/api.w.org\/{rel}","templated":true}]}}